{"id":10170,"date":"2025-12-14T17:11:13","date_gmt":"2025-12-14T15:11:13","guid":{"rendered":"https:\/\/www.radiofiskars.fi\/wordpress\/?p=10170"},"modified":"2025-12-17T16:06:33","modified_gmt":"2025-12-17T14:06:33","slug":"jantso-jokelin-aikavuoret","status":"publish","type":"post","link":"https:\/\/www.radiofiskars.fi\/wordpress\/2025\/12\/jantso-jokelin-aikavuoret\/","title":{"rendered":"Jantso Jokelin: Aikavuoret"},"content":{"rendered":"\n<p><strong>VAELLUKSIA SVEITSIN MIELEEN JA MYSTEERIIN<\/strong><\/p>\n\n\n\n<figure class=\"wp-block-image size-full\"><a href=\"https:\/\/www.radiofiskars.fi\/wp-content\/uploads\/2025\/12\/Aikavuoret2-1.jpg\"><img loading=\"lazy\" decoding=\"async\" width=\"708\" height=\"536\" src=\"https:\/\/www.radiofiskars.fi\/wp-content\/uploads\/2025\/12\/Aikavuoret2-1.jpg\" alt=\"\" class=\"wp-image-10110\" srcset=\"https:\/\/www.radiofiskars.fi\/wp-content\/uploads\/2025\/12\/Aikavuoret2-1.jpg 708w, https:\/\/www.radiofiskars.fi\/wp-content\/uploads\/2025\/12\/Aikavuoret2-1-300x227.jpg 300w\" sizes=\"auto, (max-width: 708px) 100vw, 708px\" \/><\/a><figcaption class=\"wp-element-caption\">Silvia Hosseini ja Jantso Jokelin, kuva J. K. Ihalainen.<\/figcaption><\/figure>\n\n\n\n<p>Euroopan syd\u00e4mess\u00e4 vuorten keskell\u00e4 sijaitsee Sveitsin valaliitto, valtioiden outolintu, jonka harvat tuntevat muuna kuin pikkutarkkojen insin\u00f6\u00f6rien \u00e4veri\u00e4\u00e4n\u00e4 idyllin\u00e4. Romantiikan hengen ajama matkailija voi kuitenkin l\u00f6yt\u00e4\u00e4 maan huipuilta ja laaksoista my\u00f6s pime\u00e4mp\u00e4\u00e4 taikaa. Sveitsist\u00e4 ovat saaneet alkunsa muun muassa analyyttinen psykologia, mustetahratestit, Mary Shelleyn Frankenstein ja Robert Walserin mikroskooppinen salakieli; sen vuorilla ovat kehittyneet keuhkoparantoloiden kadonnut el\u00e4m\u00e4nmuoto, alppikauhu sek\u00e4 avaruuksia kohti kurottava talvinen \u00e4\u00e4rimetalli. Ja&#8230; kuuluuko tuolta&#8230; valtavia kulkusia?<br><br><strong>Jantso Jokelin<\/strong> murtautuu matkaesseiss\u00e4\u00e4n k\u00e4kikellomaan ajukoppaan ja kulttuurihistoriallisiin raunioihin. L\u00e4hde mukaan ihmeelliselle matkalle. Haastattelija on <strong>Silvia Hosseini<\/strong>.<\/p>\n\n\n<div class=\"wp-block-image\">\n<figure class=\"aligncenter size-full\"><a href=\"https:\/\/www.radiofiskars.fi\/wp-content\/uploads\/2025\/12\/5318610.jpg\"><img loading=\"lazy\" decoding=\"async\" width=\"257\" height=\"400\" src=\"https:\/\/www.radiofiskars.fi\/wp-content\/uploads\/2025\/12\/5318610.jpg\" alt=\"\" class=\"wp-image-10159\" srcset=\"https:\/\/www.radiofiskars.fi\/wp-content\/uploads\/2025\/12\/5318610.jpg 257w, https:\/\/www.radiofiskars.fi\/wp-content\/uploads\/2025\/12\/5318610-193x300.jpg 193w\" sizes=\"auto, (max-width: 257px) 100vw, 257px\" \/><\/a><\/figure>\n<\/div>\n\n\n<p>Ohjelman taltiointi: Tampereen Kirjafestarit 29.11.\u201330.11.2025.<\/p>\n<div class=\"powerpress_player\" id=\"powerpress_player_9218\"><audio class=\"wp-audio-shortcode\" id=\"audio-10170-1\" preload=\"none\" style=\"width: 100%;\" controls=\"controls\"><source type=\"audio\/mpeg\" src=\"https:\/\/www.radiofiskars.fi\/wp-content\/uploads\/2025\/12\/JantsoTakas_01.mp3?_=1\" \/><a href=\"https:\/\/www.radiofiskars.fi\/wp-content\/uploads\/2025\/12\/JantsoTakas_01.mp3\">https:\/\/www.radiofiskars.fi\/wp-content\/uploads\/2025\/12\/JantsoTakas_01.mp3<\/a><\/audio><\/div><p class=\"powerpress_links powerpress_links_mp3\" style=\"margin-bottom: 1px !important;\">Podcast: <a href=\"https:\/\/www.radiofiskars.fi\/wp-content\/uploads\/2025\/12\/JantsoTakas_01.mp3\" class=\"powerpress_link_pinw\" target=\"_blank\" title=\"Play in new window\" onclick=\"return powerpress_pinw('https:\/\/www.radiofiskars.fi\/wordpress\/?powerpress_pinw=10170-podcast');\" rel=\"nofollow\">Play in new window<\/a><\/p><!--powerpress_player-->","protected":false},"excerpt":{"rendered":"<p>VAELLUKSIA SVEITSIN MIELEEN JA MYSTEERIIN Euroopan syd\u00e4mess\u00e4 vuorten keskell\u00e4 sijaitsee Sveitsin valaliitto, valtioiden outolintu, jonka harvat tuntevat muuna kuin pikkutarkkojen insin\u00f6\u00f6rien \u00e4veri\u00e4\u00e4n\u00e4 idyllin\u00e4. Romantiikan hengen ajama matkailija voi kuitenkin l\u00f6yt\u00e4\u00e4 maan huipuilta ja laaksoista my\u00f6s pime\u00e4mp\u00e4\u00e4 taikaa. Sveitsist\u00e4 ovat saaneet alkunsa muun muassa analyyttinen psykologia, mustetahratestit, Mary Shelleyn Frankenstein ja Robert Walserin mikroskooppinen salakieli; sen &hellip; <a href=\"https:\/\/www.radiofiskars.fi\/wordpress\/2025\/12\/jantso-jokelin-aikavuoret\/\" class=\"more-link\">Jatka lukemista <span class=\"screen-reader-text\">Jantso Jokelin: Aikavuoret<\/span> <span class=\"meta-nav\">&rarr;<\/span><\/a><\/p>\n","protected":false},"author":2,"featured_media":0,"comment_status":"closed","ping_status":"closed","sticky":true,"template":"","format":"standard","meta":{"footnotes":""},"categories":[476,51],"tags":[1690,1689,1148,927,925],"class_list":["post-10170","post","type-post","status-publish","format-standard","hentry","category-kirjallisuus","category-tapahtumataltioinnit","tag-aikavuoret","tag-jantso-jokelin","tag-silvia-hosseini","tag-tampereen-kirjafestarit","tag-teos"],"_links":{"self":[{"href":"https:\/\/www.radiofiskars.fi\/wordpress\/wp-json\/wp\/v2\/posts\/10170","targetHints":{"allow":["GET"]}}],"collection":[{"href":"https:\/\/www.radiofiskars.fi\/wordpress\/wp-json\/wp\/v2\/posts"}],"about":[{"href":"https:\/\/www.radiofiskars.fi\/wordpress\/wp-json\/wp\/v2\/types\/post"}],"author":[{"embeddable":true,"href":"https:\/\/www.radiofiskars.fi\/wordpress\/wp-json\/wp\/v2\/users\/2"}],"replies":[{"embeddable":true,"href":"https:\/\/www.radiofiskars.fi\/wordpress\/wp-json\/wp\/v2\/comments?post=10170"}],"version-history":[{"count":4,"href":"https:\/\/www.radiofiskars.fi\/wordpress\/wp-json\/wp\/v2\/posts\/10170\/revisions"}],"predecessor-version":[{"id":10176,"href":"https:\/\/www.radiofiskars.fi\/wordpress\/wp-json\/wp\/v2\/posts\/10170\/revisions\/10176"}],"wp:attachment":[{"href":"https:\/\/www.radiofiskars.fi\/wordpress\/wp-json\/wp\/v2\/media?parent=10170"}],"wp:term":[{"taxonomy":"category","embeddable":true,"href":"https:\/\/www.radiofiskars.fi\/wordpress\/wp-json\/wp\/v2\/categories?post=10170"},{"taxonomy":"post_tag","embeddable":true,"href":"https:\/\/www.radiofiskars.fi\/wordpress\/wp-json\/wp\/v2\/tags?post=10170"}],"curies":[{"name":"wp","href":"https:\/\/api.w.org\/{rel}","templated":true}]}}