{"id":10194,"date":"2025-12-15T20:31:19","date_gmt":"2025-12-15T18:31:19","guid":{"rendered":"https:\/\/www.radiofiskars.fi\/wordpress\/?p=10194"},"modified":"2025-12-17T16:06:03","modified_gmt":"2025-12-17T14:06:03","slug":"luonto-ja-planetaarinen-terveys","status":"publish","type":"post","link":"https:\/\/www.radiofiskars.fi\/wordpress\/2025\/12\/luonto-ja-planetaarinen-terveys\/","title":{"rendered":"LUONTO JA PLANETAARINEN TERVEYS"},"content":{"rendered":"\n<p><strong>Hanna Haverin<\/strong> ja <strong>Kirsi Salosen<\/strong> <em>Luonto ja planetaarinen terveys<\/em> -kirja tarkastelee luonnon ja ihmisen v\u00e4list\u00e4 yhteytt\u00e4 kokonaisvaltaisen terveyden ja hyvinvoinnin n\u00e4k\u00f6kulmasta.<br><br>Suomessa luonto koetaan t\u00e4rke\u00e4ksi ja merkitykselliseksi, mutta siihen liittyy my\u00f6s ristiriitaisia n\u00e4kemyksi\u00e4. Luontoon liitet\u00e4\u00e4n paitsi rauhaa ja kauneutta, my\u00f6s uhkaa ja vaaraa. Luonto saatetaan n\u00e4hd\u00e4 vain ihmisen tarpeiden n\u00e4k\u00f6kulmasta.<br><br>Ihmisen j\u00e4ljet ovat n\u00e4kyneet luonnossa jo vuosituhansien ajan. Esihistoriallisena aikana ihminen eli luonnon kanssa sopusoinnussa, mutta kaupungistuminen on vieraannuttanut modernin ihmisen luonnosta. Tutkimukset osoittavat, ett\u00e4 t\u00e4m\u00e4 luontoyhteyden puute \u2013 niin sanottu luontopuutostila \u2013 vaikuttaa kielteisesti sek\u00e4 kehon ett\u00e4 mielen hyvinvointiin. Luonnon monimuotoisuus lis\u00e4\u00e4 sen kyky\u00e4 selviyty\u00e4 muutoksista ja sama monimuotoisuus on my\u00f6s ihmisen terveyden perusta. Rikas mikrobikirjo vahvistaa vastustuskyky\u00e4 ja monipuolinen aistimaailma tukee psyykkist\u00e4 ja fyysist\u00e4 palautumiskyky\u00e4.<br><br>Kirjassa esitell\u00e4\u00e4n suomalaisten asiantuntijoiden kehitt\u00e4m\u00e4 <em>Luonnosta Virtaa<\/em> -menetelm\u00e4, joka pohjautuu tutkittuun tietoon sek\u00e4 eko- ja ymp\u00e4rist\u00f6psykologian teorioihin. Menetelm\u00e4 auttaa muuttamaan luonnon her\u00e4tt\u00e4m\u00e4t tunteet voimavaraksi ja vahvistaa psyykkisi\u00e4 suojarakenteita. Kirjan k\u00e4yt\u00e4nn\u00f6n esimerkit tukevat omaa ja muiden hyvinvointia. Ne ovat hy\u00f6dyllisi\u00e4 kaikille, mutta erityisesti kasvatus-, opetus-, sosiaali- ja terveysalan ammattilaisille. Tampereen Kirjafestareilla Kirsi Salosta haastattelee <strong>Tiina Raevaara<\/strong>.<br><\/p>\n\n\n<div class=\"wp-block-image\">\n<figure class=\"aligncenter size-large is-resized\"><a href=\"https:\/\/www.radiofiskars.fi\/wp-content\/uploads\/2025\/12\/9789523605855_1-luonto-ja-planetaarinen-terveys.webp\"><img loading=\"lazy\" decoding=\"async\" width=\"734\" height=\"1024\" src=\"https:\/\/www.radiofiskars.fi\/wp-content\/uploads\/2025\/12\/9789523605855_1-luonto-ja-planetaarinen-terveys-734x1024.webp\" alt=\"\" class=\"wp-image-10200\" style=\"aspect-ratio:0.7168026498520672;width:295px;height:auto\" srcset=\"https:\/\/www.radiofiskars.fi\/wp-content\/uploads\/2025\/12\/9789523605855_1-luonto-ja-planetaarinen-terveys-734x1024.webp 734w, https:\/\/www.radiofiskars.fi\/wp-content\/uploads\/2025\/12\/9789523605855_1-luonto-ja-planetaarinen-terveys-215x300.webp 215w, https:\/\/www.radiofiskars.fi\/wp-content\/uploads\/2025\/12\/9789523605855_1-luonto-ja-planetaarinen-terveys-768x1071.webp 768w, https:\/\/www.radiofiskars.fi\/wp-content\/uploads\/2025\/12\/9789523605855_1-luonto-ja-planetaarinen-terveys.webp 800w\" sizes=\"auto, (max-width: 734px) 100vw, 734px\" \/><\/a><\/figure>\n<\/div>\n\n\n<p>Hanna Haveri; Kirsi Salonen \u2013 Luonto ja planetaarinen terveys. Duodecim, 2025.<\/p>\n\n\n\n<p>Ohjelman taltiointi: Tampereen Kirjafestarit 29.11.\u201330.11.2025.<\/p>\n<div class=\"powerpress_player\" id=\"powerpress_player_9395\"><audio class=\"wp-audio-shortcode\" id=\"audio-10194-1\" preload=\"none\" style=\"width: 100%;\" controls=\"controls\"><source type=\"audio\/mpeg\" src=\"https:\/\/www.radiofiskars.fi\/wp-content\/uploads\/2025\/12\/PlanetaariTakasf.mp3?_=1\" \/><a href=\"https:\/\/www.radiofiskars.fi\/wp-content\/uploads\/2025\/12\/PlanetaariTakasf.mp3\">https:\/\/www.radiofiskars.fi\/wp-content\/uploads\/2025\/12\/PlanetaariTakasf.mp3<\/a><\/audio><\/div><p class=\"powerpress_links powerpress_links_mp3\" style=\"margin-bottom: 1px !important;\">Podcast: <a href=\"https:\/\/www.radiofiskars.fi\/wp-content\/uploads\/2025\/12\/PlanetaariTakasf.mp3\" class=\"powerpress_link_pinw\" target=\"_blank\" title=\"Play in new window\" onclick=\"return powerpress_pinw('https:\/\/www.radiofiskars.fi\/wordpress\/?powerpress_pinw=10194-podcast');\" rel=\"nofollow\">Play in new window<\/a><\/p><!--powerpress_player-->","protected":false},"excerpt":{"rendered":"<p>Hanna Haverin ja Kirsi Salosen Luonto ja planetaarinen terveys -kirja tarkastelee luonnon ja ihmisen v\u00e4list\u00e4 yhteytt\u00e4 kokonaisvaltaisen terveyden ja hyvinvoinnin n\u00e4k\u00f6kulmasta. Suomessa luonto koetaan t\u00e4rke\u00e4ksi ja merkitykselliseksi, mutta siihen liittyy my\u00f6s ristiriitaisia n\u00e4kemyksi\u00e4. Luontoon liitet\u00e4\u00e4n paitsi rauhaa ja kauneutta, my\u00f6s uhkaa ja vaaraa. Luonto saatetaan n\u00e4hd\u00e4 vain ihmisen tarpeiden n\u00e4k\u00f6kulmasta. Ihmisen j\u00e4ljet ovat n\u00e4kyneet luonnossa &hellip; <a href=\"https:\/\/www.radiofiskars.fi\/wordpress\/2025\/12\/luonto-ja-planetaarinen-terveys\/\" class=\"more-link\">Jatka lukemista <span class=\"screen-reader-text\">LUONTO JA PLANETAARINEN TERVEYS<\/span> <span class=\"meta-nav\">&rarr;<\/span><\/a><\/p>\n","protected":false},"author":2,"featured_media":0,"comment_status":"closed","ping_status":"closed","sticky":true,"template":"","format":"standard","meta":{"footnotes":""},"categories":[476,51],"tags":[1694,1692,1693,927,1695],"class_list":["post-10194","post","type-post","status-publish","format-standard","hentry","category-kirjallisuus","category-tapahtumataltioinnit","tag-duodecim","tag-hanna-haveri","tag-kirsi-salonen","tag-tampereen-kirjafestarit","tag-tiina-raevaara"],"_links":{"self":[{"href":"https:\/\/www.radiofiskars.fi\/wordpress\/wp-json\/wp\/v2\/posts\/10194","targetHints":{"allow":["GET"]}}],"collection":[{"href":"https:\/\/www.radiofiskars.fi\/wordpress\/wp-json\/wp\/v2\/posts"}],"about":[{"href":"https:\/\/www.radiofiskars.fi\/wordpress\/wp-json\/wp\/v2\/types\/post"}],"author":[{"embeddable":true,"href":"https:\/\/www.radiofiskars.fi\/wordpress\/wp-json\/wp\/v2\/users\/2"}],"replies":[{"embeddable":true,"href":"https:\/\/www.radiofiskars.fi\/wordpress\/wp-json\/wp\/v2\/comments?post=10194"}],"version-history":[{"count":7,"href":"https:\/\/www.radiofiskars.fi\/wordpress\/wp-json\/wp\/v2\/posts\/10194\/revisions"}],"predecessor-version":[{"id":10222,"href":"https:\/\/www.radiofiskars.fi\/wordpress\/wp-json\/wp\/v2\/posts\/10194\/revisions\/10222"}],"wp:attachment":[{"href":"https:\/\/www.radiofiskars.fi\/wordpress\/wp-json\/wp\/v2\/media?parent=10194"}],"wp:term":[{"taxonomy":"category","embeddable":true,"href":"https:\/\/www.radiofiskars.fi\/wordpress\/wp-json\/wp\/v2\/categories?post=10194"},{"taxonomy":"post_tag","embeddable":true,"href":"https:\/\/www.radiofiskars.fi\/wordpress\/wp-json\/wp\/v2\/tags?post=10194"}],"curies":[{"name":"wp","href":"https:\/\/api.w.org\/{rel}","templated":true}]}}