{"id":10196,"date":"2025-12-15T20:32:38","date_gmt":"2025-12-15T18:32:38","guid":{"rendered":"https:\/\/www.radiofiskars.fi\/wordpress\/?p=10196"},"modified":"2025-12-17T16:05:50","modified_gmt":"2025-12-17T14:05:50","slug":"reetta-ranta-pyhat-puut-ja-sielulinnut","status":"publish","type":"post","link":"https:\/\/www.radiofiskars.fi\/wordpress\/2025\/12\/reetta-ranta-pyhat-puut-ja-sielulinnut\/","title":{"rendered":"REETTA RANTA: Pyh\u00e4t puut ja sielulinnut"},"content":{"rendered":"\n<p><br><strong>Mit\u00e4 vaivoja katajan oksilla ja marjoilla on hoidettu? Mik\u00e4 on ollut tammen merkitys it\u00e4merensuomalaisille kansoille ja miksi pihlaja on naisten oma pit\u00e4myspuu?<\/strong> Ent\u00e4 mist\u00e4 kertoo kurjen huuto suolla? Onko korppi kuoleman sanansaattaja vai liit\u00e4v\u00e4 lohduttaja? Miten eri kulttuureissa on tulkittu joutsenen symboliikkaa?<\/p>\n\n\n<div class=\"wp-block-image\">\n<figure class=\"aligncenter size-full is-resized\"><a href=\"https:\/\/www.radiofiskars.fi\/wp-content\/uploads\/2025\/12\/Sielulinnut.jpg\"><img loading=\"lazy\" decoding=\"async\" width=\"780\" height=\"683\" src=\"https:\/\/www.radiofiskars.fi\/wp-content\/uploads\/2025\/12\/Sielulinnut.jpg\" alt=\"\" class=\"wp-image-10125\" style=\"aspect-ratio:1.1420336343660622;width:370px;height:auto\" srcset=\"https:\/\/www.radiofiskars.fi\/wp-content\/uploads\/2025\/12\/Sielulinnut.jpg 780w, https:\/\/www.radiofiskars.fi\/wp-content\/uploads\/2025\/12\/Sielulinnut-300x263.jpg 300w, https:\/\/www.radiofiskars.fi\/wp-content\/uploads\/2025\/12\/Sielulinnut-768x672.jpg 768w\" sizes=\"auto, (max-width: 780px) 100vw, 780px\" \/><\/a><\/figure>\n<\/div>\n\n\n<p>Reetta Rannan <em>Pyh\u00e4t puut<\/em> vie lukijan tarinamatkalle suomalaiseen mets\u00e4\u00e4n ja paljastaa puiden henkisen merkityksen kulttuurissamme. Kirjassa kerrotaan Suomen luonnonvaraisista puulajeista ja valotetaan niiden merkityksi\u00e4 mytologiassa ja kansanperinteess\u00e4. <em>Pyh\u00e4t puut<\/em> -teoksessa ikiaikaiset uskomukset ja rituaalit sulautuvat nykyajan henkil\u00f6kohtaisiin tarinoihin, el\u00e4v\u00f6itt\u00e4en vanhoja perinteit\u00e4 ja tuoden esiin puiden mittaamattoman arvon kulttuurissamme.<br><br>Kirjassa <em>Sielulinnut<\/em> Ranta k\u00e4sittelee lintujen merkityst\u00e4 kansanperinteess\u00e4, mytologiassa ja nykyihmisen arjessa. Kirja liikkuu sukukansojemme rikkaassa perinteess\u00e4 ja vierailee my\u00f6s muiden kulttuurien lintutarinoissa tuoden esiin unohtunutta tietoa lintujen ja ihmisten ikiaikaisesta yhteydest\u00e4. Tampereen Kirjafestareilla <strong>Reetta Rantaa<\/strong> haastattelee <strong>Tommi Leminen<\/strong>.<\/p>\n\n\n\n<figure class=\"wp-block-gallery has-nested-images columns-default is-cropped wp-block-gallery-1 is-layout-flex wp-block-gallery-is-layout-flex\">\n<figure class=\"wp-block-image size-large\"><a href=\"https:\/\/www.radiofiskars.fi\/wp-content\/uploads\/2025\/12\/5643348.jpg\"><img loading=\"lazy\" decoding=\"async\" width=\"270\" height=\"400\" data-id=\"10198\" src=\"https:\/\/www.radiofiskars.fi\/wp-content\/uploads\/2025\/12\/5643348.jpg\" alt=\"\" class=\"wp-image-10198\" srcset=\"https:\/\/www.radiofiskars.fi\/wp-content\/uploads\/2025\/12\/5643348.jpg 270w, https:\/\/www.radiofiskars.fi\/wp-content\/uploads\/2025\/12\/5643348-203x300.jpg 203w\" sizes=\"auto, (max-width: 270px) 100vw, 270px\" \/><\/a><\/figure>\n\n\n\n<figure class=\"wp-block-image size-large\"><a href=\"https:\/\/www.radiofiskars.fi\/wp-content\/uploads\/2025\/12\/5496777.jpg\"><img loading=\"lazy\" decoding=\"async\" width=\"540\" height=\"800\" data-id=\"10197\" src=\"https:\/\/www.radiofiskars.fi\/wp-content\/uploads\/2025\/12\/5496777.jpg\" alt=\"\" class=\"wp-image-10197\" srcset=\"https:\/\/www.radiofiskars.fi\/wp-content\/uploads\/2025\/12\/5496777.jpg 540w, https:\/\/www.radiofiskars.fi\/wp-content\/uploads\/2025\/12\/5496777-203x300.jpg 203w\" sizes=\"auto, (max-width: 540px) 100vw, 540px\" \/><\/a><\/figure>\n<\/figure>\n\n\n\n<p>&nbsp;<br>Ohjelman taltiointi: Tampereen Kirjafestarit 29.11.\u201330.11.2025.<\/p>\n<div class=\"powerpress_player\" id=\"powerpress_player_9646\"><audio class=\"wp-audio-shortcode\" id=\"audio-10196-1\" preload=\"none\" style=\"width: 100%;\" controls=\"controls\"><source type=\"audio\/mpeg\" src=\"https:\/\/www.radiofiskars.fi\/wp-content\/uploads\/2025\/12\/ReettaRantaTakasf.mp3?_=1\" \/><a href=\"https:\/\/www.radiofiskars.fi\/wp-content\/uploads\/2025\/12\/ReettaRantaTakasf.mp3\">https:\/\/www.radiofiskars.fi\/wp-content\/uploads\/2025\/12\/ReettaRantaTakasf.mp3<\/a><\/audio><\/div><p class=\"powerpress_links powerpress_links_mp3\" style=\"margin-bottom: 1px !important;\">Podcast: <a href=\"https:\/\/www.radiofiskars.fi\/wp-content\/uploads\/2025\/12\/ReettaRantaTakasf.mp3\" class=\"powerpress_link_pinw\" target=\"_blank\" title=\"Play in new window\" onclick=\"return powerpress_pinw('https:\/\/www.radiofiskars.fi\/wordpress\/?powerpress_pinw=10196-podcast');\" rel=\"nofollow\">Play in new window<\/a><\/p><!--powerpress_player-->","protected":false},"excerpt":{"rendered":"<p>Mit\u00e4 vaivoja katajan oksilla ja marjoilla on hoidettu? Mik\u00e4 on ollut tammen merkitys it\u00e4merensuomalaisille kansoille ja miksi pihlaja on naisten oma pit\u00e4myspuu? Ent\u00e4 mist\u00e4 kertoo kurjen huuto suolla? Onko korppi kuoleman sanansaattaja vai liit\u00e4v\u00e4 lohduttaja? Miten eri kulttuureissa on tulkittu joutsenen symboliikkaa? Reetta Rannan Pyh\u00e4t puut vie lukijan tarinamatkalle suomalaiseen mets\u00e4\u00e4n ja paljastaa puiden henkisen &hellip; <a href=\"https:\/\/www.radiofiskars.fi\/wordpress\/2025\/12\/reetta-ranta-pyhat-puut-ja-sielulinnut\/\" class=\"more-link\">Jatka lukemista <span class=\"screen-reader-text\">REETTA RANTA: Pyh\u00e4t puut ja sielulinnut<\/span> <span class=\"meta-nav\">&rarr;<\/span><\/a><\/p>\n","protected":false},"author":2,"featured_media":0,"comment_status":"closed","ping_status":"closed","sticky":true,"template":"","format":"standard","meta":{"footnotes":""},"categories":[476,51],"tags":[800,912,927,1489],"class_list":["post-10196","post","type-post","status-publish","format-standard","hentry","category-kirjallisuus","category-tapahtumataltioinnit","tag-reetta-ranta","tag-sks-kirjat","tag-tampereen-kirjafestarit","tag-tommi-leminen"],"_links":{"self":[{"href":"https:\/\/www.radiofiskars.fi\/wordpress\/wp-json\/wp\/v2\/posts\/10196","targetHints":{"allow":["GET"]}}],"collection":[{"href":"https:\/\/www.radiofiskars.fi\/wordpress\/wp-json\/wp\/v2\/posts"}],"about":[{"href":"https:\/\/www.radiofiskars.fi\/wordpress\/wp-json\/wp\/v2\/types\/post"}],"author":[{"embeddable":true,"href":"https:\/\/www.radiofiskars.fi\/wordpress\/wp-json\/wp\/v2\/users\/2"}],"replies":[{"embeddable":true,"href":"https:\/\/www.radiofiskars.fi\/wordpress\/wp-json\/wp\/v2\/comments?post=10196"}],"version-history":[{"count":6,"href":"https:\/\/www.radiofiskars.fi\/wordpress\/wp-json\/wp\/v2\/posts\/10196\/revisions"}],"predecessor-version":[{"id":10221,"href":"https:\/\/www.radiofiskars.fi\/wordpress\/wp-json\/wp\/v2\/posts\/10196\/revisions\/10221"}],"wp:attachment":[{"href":"https:\/\/www.radiofiskars.fi\/wordpress\/wp-json\/wp\/v2\/media?parent=10196"}],"wp:term":[{"taxonomy":"category","embeddable":true,"href":"https:\/\/www.radiofiskars.fi\/wordpress\/wp-json\/wp\/v2\/categories?post=10196"},{"taxonomy":"post_tag","embeddable":true,"href":"https:\/\/www.radiofiskars.fi\/wordpress\/wp-json\/wp\/v2\/tags?post=10196"}],"curies":[{"name":"wp","href":"https:\/\/api.w.org\/{rel}","templated":true}]}}