{"id":10226,"date":"2025-12-16T19:35:07","date_gmt":"2025-12-16T17:35:07","guid":{"rendered":"https:\/\/www.radiofiskars.fi\/wordpress\/?p=10226"},"modified":"2025-12-17T16:05:33","modified_gmt":"2025-12-17T14:05:33","slug":"emmi-itaranta-lumenlaulaja","status":"publish","type":"post","link":"https:\/\/www.radiofiskars.fi\/wordpress\/2025\/12\/emmi-itaranta-lumenlaulaja\/","title":{"rendered":"EMMI IT\u00c4RANTA: Lumenlaulaja"},"content":{"rendered":"\n<p>Louhen lumoava syntytarina vie meid\u00e4t myyttiseen menneisyyteen, taikavoimien ja muodonmuutosten maailmaan. Vallitsee sopusointu ja kunnioitus ihmisen, luonnon ja el\u00e4inten v\u00e4lill\u00e4. Kunnes idylli rikkoutuu, ja el\u00e4m\u00e4\u00e4n astuvat vallanhimo, kostonhalu ja ahneus.<\/p>\n\n\n<div class=\"wp-block-image\">\n<figure class=\"aligncenter size-large is-resized\"><a href=\"https:\/\/www.radiofiskars.fi\/wp-content\/uploads\/2025\/12\/9789523636781_1-lumenlaulaja.webp\"><img loading=\"lazy\" decoding=\"async\" width=\"650\" height=\"1024\" src=\"https:\/\/www.radiofiskars.fi\/wp-content\/uploads\/2025\/12\/9789523636781_1-lumenlaulaja-650x1024.webp\" alt=\"\" class=\"wp-image-10234\" style=\"aspect-ratio:0.6347617218147339;width:335px;height:auto\" srcset=\"https:\/\/www.radiofiskars.fi\/wp-content\/uploads\/2025\/12\/9789523636781_1-lumenlaulaja-650x1024.webp 650w, https:\/\/www.radiofiskars.fi\/wp-content\/uploads\/2025\/12\/9789523636781_1-lumenlaulaja-191x300.webp 191w, https:\/\/www.radiofiskars.fi\/wp-content\/uploads\/2025\/12\/9789523636781_1-lumenlaulaja-768x1209.webp 768w, https:\/\/www.radiofiskars.fi\/wp-content\/uploads\/2025\/12\/9789523636781_1-lumenlaulaja.webp 950w\" sizes=\"auto, (max-width: 650px) 100vw, 650px\" \/><\/a><\/figure>\n<\/div>\n\n\n<p>Lauha el\u00e4\u00e4 lapsuuttaan Pohjolassa, jossa hallitsevat vahvat naiset, jokaisella heist\u00e4 oma loitsuhahmonsa, el\u00e4inmuotonsa. Lauhan ollessa yhdeks\u00e4nvuotias Pohjolaan hy\u00f6kk\u00e4\u00e4 vieras heimo, joka surmaa suurimman osan h\u00e4nen perheest\u00e4\u00e4n, ja Lauha pakenee \u00e4itins\u00e4 ja kahden pikkusisarensa kanssa. Kovien kokemusten j\u00e4lkeen h\u00e4n p\u00e4\u00e4tyy turvaan naistenyhteis\u00f6\u00f6n, Mets\u00e4npeittoon, jossa el\u00e4\u00e4 hiljaiseloa vuosien ajan.<\/p>\n\n\n\n<p>Traagisen tapahtuman j\u00e4lkeen h\u00e4n p\u00e4\u00e4tt\u00e4\u00e4 kostaa Pohjolan valloittajille, ottaa kotinsa takaisin. Pohjolan puolustaminen ja oman perheen pit\u00e4minen turvassa muovaavat Lauhasta Louhen, naisen, jota moni pelk\u00e4\u00e4. Pakomatkan kivuliaat muistot ajavat Louhea kohti valintoja, joilla on kohtalokkaita seurauksia koko Pohjolan v\u00e4elle ja Louhelle itselleen.<\/p>\n\n\n\n<p>Tampereen Kirjafestareilla <strong>Emmi It\u00e4rantaa<\/strong> haastattelee <strong>Sisko-Tuulikki Toijonen<\/strong>, juontaja on <strong>Markus M\u00e4\u00e4tt\u00e4nen<\/strong>.<\/p>\n\n\n\n<p>Ohjelman taltiointi: Tampereen Kirjafestarit 29.11.\u201330.11.2025.<\/p>\n<div class=\"powerpress_player\" id=\"powerpress_player_5045\"><audio class=\"wp-audio-shortcode\" id=\"audio-10226-1\" preload=\"none\" style=\"width: 100%;\" controls=\"controls\"><source type=\"audio\/mpeg\" src=\"https:\/\/www.radiofiskars.fi\/wp-content\/uploads\/2025\/12\/Emmi_ItarantaTakas_sh.mp3?_=1\" \/><a href=\"https:\/\/www.radiofiskars.fi\/wp-content\/uploads\/2025\/12\/Emmi_ItarantaTakas_sh.mp3\">https:\/\/www.radiofiskars.fi\/wp-content\/uploads\/2025\/12\/Emmi_ItarantaTakas_sh.mp3<\/a><\/audio><\/div><p class=\"powerpress_links powerpress_links_mp3\" style=\"margin-bottom: 1px !important;\">Podcast: <a href=\"https:\/\/www.radiofiskars.fi\/wp-content\/uploads\/2025\/12\/Emmi_ItarantaTakas_sh.mp3\" class=\"powerpress_link_pinw\" target=\"_blank\" title=\"Play in new window\" onclick=\"return powerpress_pinw('https:\/\/www.radiofiskars.fi\/wordpress\/?powerpress_pinw=10226-podcast');\" rel=\"nofollow\">Play in new window<\/a><\/p><!--powerpress_player-->","protected":false},"excerpt":{"rendered":"<p>Louhen lumoava syntytarina vie meid\u00e4t myyttiseen menneisyyteen, taikavoimien ja muodonmuutosten maailmaan. Vallitsee sopusointu ja kunnioitus ihmisen, luonnon ja el\u00e4inten v\u00e4lill\u00e4. Kunnes idylli rikkoutuu, ja el\u00e4m\u00e4\u00e4n astuvat vallanhimo, kostonhalu ja ahneus. Lauha el\u00e4\u00e4 lapsuuttaan Pohjolassa, jossa hallitsevat vahvat naiset, jokaisella heist\u00e4 oma loitsuhahmonsa, el\u00e4inmuotonsa. Lauhan ollessa yhdeks\u00e4nvuotias Pohjolaan hy\u00f6kk\u00e4\u00e4 vieras heimo, joka surmaa suurimman osan h\u00e4nen &hellip; <a href=\"https:\/\/www.radiofiskars.fi\/wordpress\/2025\/12\/emmi-itaranta-lumenlaulaja\/\" class=\"more-link\">Jatka lukemista <span class=\"screen-reader-text\">EMMI IT\u00c4RANTA: Lumenlaulaja<\/span> <span class=\"meta-nav\">&rarr;<\/span><\/a><\/p>\n","protected":false},"author":2,"featured_media":0,"comment_status":"closed","ping_status":"closed","sticky":true,"template":"","format":"standard","meta":{"footnotes":""},"categories":[476,51],"tags":[1105,1701,1680,927,925],"class_list":["post-10226","post","type-post","status-publish","format-standard","hentry","category-kirjallisuus","category-tapahtumataltioinnit","tag-emmi-itaranta","tag-markus-maattanen","tag-sisko-tuulikki-toijonen","tag-tampereen-kirjafestarit","tag-teos"],"_links":{"self":[{"href":"https:\/\/www.radiofiskars.fi\/wordpress\/wp-json\/wp\/v2\/posts\/10226","targetHints":{"allow":["GET"]}}],"collection":[{"href":"https:\/\/www.radiofiskars.fi\/wordpress\/wp-json\/wp\/v2\/posts"}],"about":[{"href":"https:\/\/www.radiofiskars.fi\/wordpress\/wp-json\/wp\/v2\/types\/post"}],"author":[{"embeddable":true,"href":"https:\/\/www.radiofiskars.fi\/wordpress\/wp-json\/wp\/v2\/users\/2"}],"replies":[{"embeddable":true,"href":"https:\/\/www.radiofiskars.fi\/wordpress\/wp-json\/wp\/v2\/comments?post=10226"}],"version-history":[{"count":9,"href":"https:\/\/www.radiofiskars.fi\/wordpress\/wp-json\/wp\/v2\/posts\/10226\/revisions"}],"predecessor-version":[{"id":10261,"href":"https:\/\/www.radiofiskars.fi\/wordpress\/wp-json\/wp\/v2\/posts\/10226\/revisions\/10261"}],"wp:attachment":[{"href":"https:\/\/www.radiofiskars.fi\/wordpress\/wp-json\/wp\/v2\/media?parent=10226"}],"wp:term":[{"taxonomy":"category","embeddable":true,"href":"https:\/\/www.radiofiskars.fi\/wordpress\/wp-json\/wp\/v2\/categories?post=10226"},{"taxonomy":"post_tag","embeddable":true,"href":"https:\/\/www.radiofiskars.fi\/wordpress\/wp-json\/wp\/v2\/tags?post=10226"}],"curies":[{"name":"wp","href":"https:\/\/api.w.org\/{rel}","templated":true}]}}