{"id":10240,"date":"2025-12-16T18:51:14","date_gmt":"2025-12-16T16:51:14","guid":{"rendered":"https:\/\/www.radiofiskars.fi\/wordpress\/?p=10240"},"modified":"2025-12-16T18:51:56","modified_gmt":"2025-12-16T16:51:56","slug":"pirkkalaiskirjailijoiden","status":"publish","type":"post","link":"https:\/\/www.radiofiskars.fi\/wordpress\/2025\/12\/pirkkalaiskirjailijoiden\/","title":{"rendered":"Pirkkalaiskirjailijat"},"content":{"rendered":"\n<p><strong>Kirjailijavartteja<\/strong> ja yhdistyksen muuta ohjelmaa julkaistaan RF:ssa syksyst\u00e4 2025.<\/p>\n\n\n\n<p>Kirjailijavartti on 80 vuotta t\u00e4ytt\u00e4neen <em>Pirkkalaiskirjailijat ry<\/em>:n tuottama radio-ohjelma ja<br>YouTube-sarja, jossa pirkanmaalaiset kirjailijat kertovat itsest\u00e4\u00e4n, ajatuksistaan ja luovasta<br>ty\u00f6st\u00e4\u00e4n. Ohjelma tekee n\u00e4kyv\u00e4ksi t\u00e4m\u00e4n p\u00e4iv\u00e4n kaunokirjallisuuden rikasta kentt\u00e4\u00e4: edustettuina ovat monipuolisesti eri kirjallisuudenlajit, kuten taideproosa, dekkarit, runot, lasten- ja nuortenkirjat sek\u00e4 fantasiakirjallisuus. Kirjailijavartin videomuotoiset jaksot l\u00f6ytyv\u00e4t my\u00f6s YouTubesta: Kanavalta:<br><a href=\"https:\/\/www.youtube.com\/channel\/UC_e5zWyYpqSUEcCyM2pqiig\">https:\/\/www.youtube.com\/channel\/UC_e5zWyYpqSUEcCyM2pqiig<\/a><\/p>\n","protected":false},"excerpt":{"rendered":"<p>Kirjailijavartteja ja yhdistyksen muuta ohjelmaa julkaistaan RF:ssa syksyst\u00e4 2025. Kirjailijavartti on 80 vuotta t\u00e4ytt\u00e4neen Pirkkalaiskirjailijat ry:n tuottama radio-ohjelma jaYouTube-sarja, jossa pirkanmaalaiset kirjailijat kertovat itsest\u00e4\u00e4n, ajatuksistaan ja luovastaty\u00f6st\u00e4\u00e4n. Ohjelma tekee n\u00e4kyv\u00e4ksi t\u00e4m\u00e4n p\u00e4iv\u00e4n kaunokirjallisuuden rikasta kentt\u00e4\u00e4: edustettuina ovat monipuolisesti eri kirjallisuudenlajit, kuten taideproosa, dekkarit, runot, lasten- ja nuortenkirjat sek\u00e4 fantasiakirjallisuus. Kirjailijavartin videomuotoiset jaksot l\u00f6ytyv\u00e4t my\u00f6s YouTubesta: &hellip; <a href=\"https:\/\/www.radiofiskars.fi\/wordpress\/2025\/12\/pirkkalaiskirjailijoiden\/\" class=\"more-link\">Jatka lukemista <span class=\"screen-reader-text\">Pirkkalaiskirjailijat<\/span> <span class=\"meta-nav\">&rarr;<\/span><\/a><\/p>\n","protected":false},"author":2,"featured_media":0,"comment_status":"closed","ping_status":"closed","sticky":false,"template":"","format":"standard","meta":{"footnotes":""},"categories":[1696],"tags":[],"class_list":["post-10240","post","type-post","status-publish","format-standard","hentry","category-pirkkalaiskirjailijat"],"_links":{"self":[{"href":"https:\/\/www.radiofiskars.fi\/wordpress\/wp-json\/wp\/v2\/posts\/10240","targetHints":{"allow":["GET"]}}],"collection":[{"href":"https:\/\/www.radiofiskars.fi\/wordpress\/wp-json\/wp\/v2\/posts"}],"about":[{"href":"https:\/\/www.radiofiskars.fi\/wordpress\/wp-json\/wp\/v2\/types\/post"}],"author":[{"embeddable":true,"href":"https:\/\/www.radiofiskars.fi\/wordpress\/wp-json\/wp\/v2\/users\/2"}],"replies":[{"embeddable":true,"href":"https:\/\/www.radiofiskars.fi\/wordpress\/wp-json\/wp\/v2\/comments?post=10240"}],"version-history":[{"count":2,"href":"https:\/\/www.radiofiskars.fi\/wordpress\/wp-json\/wp\/v2\/posts\/10240\/revisions"}],"predecessor-version":[{"id":10243,"href":"https:\/\/www.radiofiskars.fi\/wordpress\/wp-json\/wp\/v2\/posts\/10240\/revisions\/10243"}],"wp:attachment":[{"href":"https:\/\/www.radiofiskars.fi\/wordpress\/wp-json\/wp\/v2\/media?parent=10240"}],"wp:term":[{"taxonomy":"category","embeddable":true,"href":"https:\/\/www.radiofiskars.fi\/wordpress\/wp-json\/wp\/v2\/categories?post=10240"},{"taxonomy":"post_tag","embeddable":true,"href":"https:\/\/www.radiofiskars.fi\/wordpress\/wp-json\/wp\/v2\/tags?post=10240"}],"curies":[{"name":"wp","href":"https:\/\/api.w.org\/{rel}","templated":true}]}}