{"id":1033,"date":"2012-11-26T15:59:04","date_gmt":"2012-11-26T12:59:04","guid":{"rendered":"http:\/\/www.radiofiskars.fi\/?p=1033"},"modified":"2012-11-26T15:59:04","modified_gmt":"2012-11-26T12:59:04","slug":"stig-monthenin-haastattelu-vuodelta-2010-osa-2","status":"publish","type":"post","link":"https:\/\/www.radiofiskars.fi\/wordpress\/2012\/11\/stig-monthenin-haastattelu-vuodelta-2010-osa-2\/","title":{"rendered":"Stig Month\u00e9nin haastattelu vuodelta 2010, osa 2"},"content":{"rendered":"<p><a href='https:\/\/www.radiofiskars.fi\/wordpress\/wp-content\/uploads\/2012\/11\/stigmonthenkaksikuuntele.mp3'>stigmonthenkaksikuuntele<\/a><br \/>\nMiltei suoraan armeijasta Fiskars-yhti\u00f6n kuljetuspuolelle t\u00f6ihin pestautunut Stig Month\u00e9n muistelee vuosikymmenien mittaista uraansa ja el\u00e4m\u00e4\u00e4ns\u00e4, ja matkan varrella tapaamiaan ihmisi\u00e4.<br \/>\nHaastattelu on osa Pohjan paikallishistoriallisen arkiston materiaaleista koottua artikkelisarjaa vuodelta 2010.<br \/>\nHaastattelu Maria Ollikainen.<\/p>\n<div class=\"powerpress_player\" id=\"powerpress_player_3681\"><audio class=\"wp-audio-shortcode\" id=\"audio-1033-1\" preload=\"none\" style=\"width: 100%;\" controls=\"controls\"><source type=\"audio\/mpeg\" src=\"http:\/\/www.radiofiskars.fi\/wp-content\/uploads\/2012\/11\/stigmonthenkaksikuuntele.mp3?_=1\" \/><a href=\"http:\/\/www.radiofiskars.fi\/wp-content\/uploads\/2012\/11\/stigmonthenkaksikuuntele.mp3\">http:\/\/www.radiofiskars.fi\/wp-content\/uploads\/2012\/11\/stigmonthenkaksikuuntele.mp3<\/a><\/audio><\/div><p class=\"powerpress_links powerpress_links_mp3\" style=\"margin-bottom: 1px !important;\">Podcast: <a href=\"http:\/\/www.radiofiskars.fi\/wp-content\/uploads\/2012\/11\/stigmonthenkaksikuuntele.mp3\" class=\"powerpress_link_pinw\" target=\"_blank\" title=\"Play in new window\" onclick=\"return powerpress_pinw('https:\/\/www.radiofiskars.fi\/wordpress\/?powerpress_pinw=1033-podcast');\" rel=\"nofollow\">Play in new window<\/a><\/p><!--powerpress_player-->","protected":false},"excerpt":{"rendered":"<p>stigmonthenkaksikuuntele Miltei suoraan armeijasta Fiskars-yhti\u00f6n kuljetuspuolelle t\u00f6ihin pestautunut Stig Month\u00e9n muistelee vuosikymmenien mittaista uraansa ja el\u00e4m\u00e4\u00e4ns\u00e4, ja matkan varrella tapaamiaan ihmisi\u00e4. Haastattelu on osa Pohjan paikallishistoriallisen arkiston materiaaleista koottua artikkelisarjaa vuodelta 2010. Haastattelu Maria Ollikainen. http:\/\/www.radiofiskars.fi\/wp-content\/uploads\/2012\/11\/stigmonthenkaksikuuntele.mp3Podcast: Play in new window<\/p>\n","protected":false},"author":2,"featured_media":0,"comment_status":"open","ping_status":"open","sticky":false,"template":"","format":"standard","meta":{"footnotes":""},"categories":[5],"tags":[],"class_list":["post-1033","post","type-post","status-publish","format-standard","hentry","category-haastattelut"],"_links":{"self":[{"href":"https:\/\/www.radiofiskars.fi\/wordpress\/wp-json\/wp\/v2\/posts\/1033","targetHints":{"allow":["GET"]}}],"collection":[{"href":"https:\/\/www.radiofiskars.fi\/wordpress\/wp-json\/wp\/v2\/posts"}],"about":[{"href":"https:\/\/www.radiofiskars.fi\/wordpress\/wp-json\/wp\/v2\/types\/post"}],"author":[{"embeddable":true,"href":"https:\/\/www.radiofiskars.fi\/wordpress\/wp-json\/wp\/v2\/users\/2"}],"replies":[{"embeddable":true,"href":"https:\/\/www.radiofiskars.fi\/wordpress\/wp-json\/wp\/v2\/comments?post=1033"}],"version-history":[{"count":0,"href":"https:\/\/www.radiofiskars.fi\/wordpress\/wp-json\/wp\/v2\/posts\/1033\/revisions"}],"wp:attachment":[{"href":"https:\/\/www.radiofiskars.fi\/wordpress\/wp-json\/wp\/v2\/media?parent=1033"}],"wp:term":[{"taxonomy":"category","embeddable":true,"href":"https:\/\/www.radiofiskars.fi\/wordpress\/wp-json\/wp\/v2\/categories?post=1033"},{"taxonomy":"post_tag","embeddable":true,"href":"https:\/\/www.radiofiskars.fi\/wordpress\/wp-json\/wp\/v2\/tags?post=1033"}],"curies":[{"name":"wp","href":"https:\/\/api.w.org\/{rel}","templated":true}]}}