{"id":10341,"date":"2025-12-18T18:23:46","date_gmt":"2025-12-18T16:23:46","guid":{"rendered":"https:\/\/www.radiofiskars.fi\/wordpress\/?p=10341"},"modified":"2025-12-20T12:07:58","modified_gmt":"2025-12-20T10:07:58","slug":"tarvitseeko-maailmaa-aina-pelastaa","status":"publish","type":"post","link":"https:\/\/www.radiofiskars.fi\/wordpress\/2025\/12\/tarvitseeko-maailmaa-aina-pelastaa\/","title":{"rendered":"Tarvitseeko maailmaa aina pelastaa?"},"content":{"rendered":"\n<p>Keskustelun aiheena on pohtia pit\u00e4\u00e4k\u00f6 fantsiatarinoissa aina pelastaa maailma. Mukana kirjailijat <strong>Siiri Enoranta, Katariina Heikkil\u00e4 <\/strong>ja <strong>Reetta Vuokko-Syrj\u00e4nen<\/strong>. <\/p>\n\n\n<div class=\"wp-block-image\">\n<figure class=\"aligncenter size-full\"><a href=\"https:\/\/www.radiofiskars.fi\/wp-content\/uploads\/2025\/12\/EmmiCo.jpg\"><img loading=\"lazy\" decoding=\"async\" width=\"480\" height=\"640\" src=\"https:\/\/www.radiofiskars.fi\/wp-content\/uploads\/2025\/12\/EmmiCo.jpg\" alt=\"\" class=\"wp-image-10105\" srcset=\"https:\/\/www.radiofiskars.fi\/wp-content\/uploads\/2025\/12\/EmmiCo.jpg 480w, https:\/\/www.radiofiskars.fi\/wp-content\/uploads\/2025\/12\/EmmiCo-225x300.jpg 225w\" sizes=\"auto, (max-width: 480px) 100vw, 480px\" \/><\/a><\/figure>\n<\/div>\n\n\n<figure class=\"wp-block-gallery has-nested-images columns-default is-cropped wp-block-gallery-1 is-layout-flex wp-block-gallery-is-layout-flex\">\n<figure class=\"wp-block-image size-large\"><a href=\"https:\/\/www.radiofiskars.fi\/wp-content\/uploads\/2025\/12\/merenkirkas-nummenhamara-scaled.webp\"><img loading=\"lazy\" decoding=\"async\" width=\"687\" height=\"1024\" data-id=\"10362\" src=\"https:\/\/www.radiofiskars.fi\/wp-content\/uploads\/2025\/12\/merenkirkas-nummenhamara-687x1024.webp\" alt=\"\" class=\"wp-image-10362\" srcset=\"https:\/\/www.radiofiskars.fi\/wp-content\/uploads\/2025\/12\/merenkirkas-nummenhamara-687x1024.webp 687w, https:\/\/www.radiofiskars.fi\/wp-content\/uploads\/2025\/12\/merenkirkas-nummenhamara-201x300.webp 201w, https:\/\/www.radiofiskars.fi\/wp-content\/uploads\/2025\/12\/merenkirkas-nummenhamara-768x1144.webp 768w, https:\/\/www.radiofiskars.fi\/wp-content\/uploads\/2025\/12\/merenkirkas-nummenhamara-1031x1536.webp 1031w, https:\/\/www.radiofiskars.fi\/wp-content\/uploads\/2025\/12\/merenkirkas-nummenhamara-1375x2048.webp 1375w, https:\/\/www.radiofiskars.fi\/wp-content\/uploads\/2025\/12\/merenkirkas-nummenhamara-scaled.webp 1718w\" sizes=\"auto, (max-width: 687px) 100vw, 687px\" \/><\/a><\/figure>\n\n\n\n<figure class=\"wp-block-image size-large\"><a href=\"https:\/\/www.radiofiskars.fi\/wp-content\/uploads\/2025\/12\/keuhkopuiden-uni.jpg\"><img loading=\"lazy\" decoding=\"async\" width=\"200\" height=\"303\" data-id=\"10361\" src=\"https:\/\/www.radiofiskars.fi\/wp-content\/uploads\/2025\/12\/keuhkopuiden-uni.jpg\" alt=\"\" class=\"wp-image-10361\" srcset=\"https:\/\/www.radiofiskars.fi\/wp-content\/uploads\/2025\/12\/keuhkopuiden-uni.jpg 200w, https:\/\/www.radiofiskars.fi\/wp-content\/uploads\/2025\/12\/keuhkopuiden-uni-198x300.jpg 198w\" sizes=\"auto, (max-width: 200px) 100vw, 200px\" \/><\/a><\/figure>\n\n\n\n<figure class=\"wp-block-image size-large\"><a href=\"https:\/\/www.radiofiskars.fi\/wp-content\/uploads\/2025\/12\/harhakoto.jpg\"><img loading=\"lazy\" decoding=\"async\" width=\"200\" height=\"308\" data-id=\"10360\" src=\"https:\/\/www.radiofiskars.fi\/wp-content\/uploads\/2025\/12\/harhakoto.jpg\" alt=\"\" class=\"wp-image-10360\" srcset=\"https:\/\/www.radiofiskars.fi\/wp-content\/uploads\/2025\/12\/harhakoto.jpg 200w, https:\/\/www.radiofiskars.fi\/wp-content\/uploads\/2025\/12\/harhakoto-195x300.jpg 195w\" sizes=\"auto, (max-width: 200px) 100vw, 200px\" \/><\/a><\/figure>\n<\/figure>\n\n\n\n<p> SIIRI ENORANTA \u2013 Keuhkopuiden uni<\/p>\n\n\n\n<p>Ylenpalttiset kartanot ymp\u00e4r\u00f6iv\u00e4t keuhkopuita, joihin jokaisen Homo arboriksen on selviyty\u00e4kseen kiinnitytt\u00e4v\u00e4 y\u00f6ksi. Vain surkastuneet siivet muistuttavat heit\u00e4 esivanhempien taivaisiin ylt\u00e4neist\u00e4 lennoista.<\/p>\n\n\n\n<p>Vapautta janoava Katica on tottunut hurmaamaan seurapiiril\u00e4isi\u00e4 huvikseen, mutta kiehtova taidemesenaatti Sera vangitsee h\u00e4nen mielenkiintonsa.<\/p>\n\n\n\n<p>Katican veli suunnittelee lentokonetta, jolla p\u00e4\u00e4st\u00e4 takaisin taivaalle. Se ei seurapiirej\u00e4 hallinnoivan tohtorimarkiisin aatteisiin sovi. Yhdell\u00e4 teollaan Katica tuhoaa veljens\u00e4 ja tohtorimarkiisin suunnitelmat. Alkaa koston kierre, jonka j\u00e4lkeen maailma ei ole en\u00e4\u00e4 ennallaan.<\/p>\n\n\n\n<p>KATARIINA HEIKKIL\u00c4 \u2013 Merenkirkas, nummenh\u00e4m\u00e4r\u00e4<\/p>\n\n\n\n<p>Aatelistytt\u00f6 Saissa haaveilee l\u00e4\u00e4k\u00e4rin urasta. Tallipiika Ninka joutuu piilottelemaan taikavoimiaan. Kahdesta orpotyt\u00f6st\u00e4 tulee parhaita yst\u00e4vi\u00e4 Kahden tuulen kartanon idyllisess\u00e4 rauhassa.<\/p>\n\n\n\n<p>J\u00e4nnitteet yl\u00e4luokan ja alkuper\u00e4isv\u00e4est\u00f6n v\u00e4lill\u00e4 kasvavat. Pian sota ty\u00f6nt\u00e4\u00e4 yst\u00e4v\u00e4t eri puolille rintamalinjaa. Vaikka sota joskus p\u00e4\u00e4ttyisi, voiko kukaan en\u00e4\u00e4 palata entiseen?<\/p>\n\n\n\n<p>Merenkirkas, nummenh\u00e4m\u00e4r\u00e4 on vahvatunnelmaista fantasiaa aikuisille. Se on monisyinen kertomus vallasta ja sen v\u00e4\u00e4rink\u00e4yt\u00f6st\u00e4. Miten pitk\u00e4lle voi menn\u00e4, ennen kuin anteeksianto muuttuu mahdottomaksi?<\/p>\n\n\n\n<p>REETTA VUOKKO-SYRJ\u00c4NEN  \u2013 Harhakoto<\/p>\n\n\n\n<p>14-vuotiaan Anin el\u00e4m\u00e4 rajautuu tamperelaiseen betonil\u00e4hi\u00f6\u00f6n. Koulussa h\u00e4nt\u00e4 kiusataan oudosta nimest\u00e4 ja halvoista vaatteista, ja kotona ty\u00f6t\u00f6nt\u00e4 \u00e4iti\u00e4 kiinnostavat enemm\u00e4n true crime -dokkarit kuin kaupassak\u00e4ynti.<\/p>\n\n\n\n<p>Erityisen surkeana p\u00e4iv\u00e4n\u00e4 Ani purkaa kiukkunsa kirjeeksi ja heitt\u00e4\u00e4 paperin ikkunasta. Kirjeen nappaa ohikulkeva sorsa, joka Anin yll\u00e4tykseksi tuo my\u00f6hemmin nokassaan vastauksen Ikilt\u00e4.<\/p>\n\n\n\n<p>Iki kertoo el\u00e4v\u00e4ns\u00e4 Lintukodossa, ihanassa paratiisissa, jossa meri on l\u00e4hell\u00e4 ja Emo pit\u00e4\u00e4 huolta pienest\u00e4 yhteis\u00f6st\u00e4. Anin l\u00e4hi\u00f6arki kiehtoo Iki\u00e4 v\u00e4hint\u00e4\u00e4n yht\u00e4 paljon kuin Lintukodon ihmeet Ania. Mutta Ani ja Iki eiv\u00e4t aavista, ett\u00e4 sorsan kantamat kirjeet sys\u00e4\u00e4v\u00e4t pian molempien maailmat sy\u00f6ksykierteeseen\u2026<\/p>\n\n\n\n<p>Harhakoto on v\u00e4\u00e4ristyneen realistinen mysteeri: mik\u00e4 on totta ja mik\u00e4 ei, ja miten nopeasti kaikki voi romahtaa?<\/p>\n\n\n\n<p>Reetta Vuokko-Syrj\u00e4nen on Atorox-palkittu tamperelainen kirjailija, joka on itsekin el\u00e4nyt l\u00e4hi\u00f6lapsuuden. Harhakoto on h\u00e4nen ensimm\u00e4inen nuortenkirjansa.<\/p>\n\n\n\n<p>Ohjelman taltiointi: Tampereen Kirjafestarit 29.11.\u201330.11.2025.<\/p>\n<div class=\"powerpress_player\" id=\"powerpress_player_8317\"><audio class=\"wp-audio-shortcode\" id=\"audio-10341-1\" preload=\"none\" style=\"width: 100%;\" controls=\"controls\"><source type=\"audio\/mpeg\" src=\"https:\/\/www.radiofiskars.fi\/wp-content\/uploads\/2025\/12\/SiiriEnorantaTakas.mp3?_=1\" \/><a href=\"https:\/\/www.radiofiskars.fi\/wp-content\/uploads\/2025\/12\/SiiriEnorantaTakas.mp3\">https:\/\/www.radiofiskars.fi\/wp-content\/uploads\/2025\/12\/SiiriEnorantaTakas.mp3<\/a><\/audio><\/div><p class=\"powerpress_links powerpress_links_mp3\" style=\"margin-bottom: 1px !important;\">Podcast: <a href=\"https:\/\/www.radiofiskars.fi\/wp-content\/uploads\/2025\/12\/SiiriEnorantaTakas.mp3\" class=\"powerpress_link_pinw\" target=\"_blank\" title=\"Play in new window\" onclick=\"return powerpress_pinw('https:\/\/www.radiofiskars.fi\/wordpress\/?powerpress_pinw=10341-podcast');\" rel=\"nofollow\">Play in new window<\/a><\/p><!--powerpress_player-->","protected":false},"excerpt":{"rendered":"<p>Keskustelun aiheena on pohtia pit\u00e4\u00e4k\u00f6 fantsiatarinoissa aina pelastaa maailma. Mukana kirjailijat Siiri Enoranta, Katariina Heikkil\u00e4 ja Reetta Vuokko-Syrj\u00e4nen. SIIRI ENORANTA \u2013 Keuhkopuiden uni Ylenpalttiset kartanot ymp\u00e4r\u00f6iv\u00e4t keuhkopuita, joihin jokaisen Homo arboriksen on selviyty\u00e4kseen kiinnitytt\u00e4v\u00e4 y\u00f6ksi. Vain surkastuneet siivet muistuttavat heit\u00e4 esivanhempien taivaisiin ylt\u00e4neist\u00e4 lennoista. Vapautta janoava Katica on tottunut hurmaamaan seurapiiril\u00e4isi\u00e4 huvikseen, mutta kiehtova taidemesenaatti &hellip; <a href=\"https:\/\/www.radiofiskars.fi\/wordpress\/2025\/12\/tarvitseeko-maailmaa-aina-pelastaa\/\" class=\"more-link\">Jatka lukemista <span class=\"screen-reader-text\">Tarvitseeko maailmaa aina pelastaa?<\/span> <span class=\"meta-nav\">&rarr;<\/span><\/a><\/p>\n","protected":false},"author":2,"featured_media":0,"comment_status":"closed","ping_status":"closed","sticky":true,"template":"","format":"standard","meta":{"footnotes":""},"categories":[476,51],"tags":[1706,1582,1377,934,927],"class_list":["post-10341","post","type-post","status-publish","format-standard","hentry","category-kirjallisuus","category-tapahtumataltioinnit","tag-fantasia","tag-katariina-heikkila","tag-reetta-vuokko-syrjanen","tag-siiri-enoranta","tag-tampereen-kirjafestarit"],"_links":{"self":[{"href":"https:\/\/www.radiofiskars.fi\/wordpress\/wp-json\/wp\/v2\/posts\/10341","targetHints":{"allow":["GET"]}}],"collection":[{"href":"https:\/\/www.radiofiskars.fi\/wordpress\/wp-json\/wp\/v2\/posts"}],"about":[{"href":"https:\/\/www.radiofiskars.fi\/wordpress\/wp-json\/wp\/v2\/types\/post"}],"author":[{"embeddable":true,"href":"https:\/\/www.radiofiskars.fi\/wordpress\/wp-json\/wp\/v2\/users\/2"}],"replies":[{"embeddable":true,"href":"https:\/\/www.radiofiskars.fi\/wordpress\/wp-json\/wp\/v2\/comments?post=10341"}],"version-history":[{"count":11,"href":"https:\/\/www.radiofiskars.fi\/wordpress\/wp-json\/wp\/v2\/posts\/10341\/revisions"}],"predecessor-version":[{"id":10386,"href":"https:\/\/www.radiofiskars.fi\/wordpress\/wp-json\/wp\/v2\/posts\/10341\/revisions\/10386"}],"wp:attachment":[{"href":"https:\/\/www.radiofiskars.fi\/wordpress\/wp-json\/wp\/v2\/media?parent=10341"}],"wp:term":[{"taxonomy":"category","embeddable":true,"href":"https:\/\/www.radiofiskars.fi\/wordpress\/wp-json\/wp\/v2\/categories?post=10341"},{"taxonomy":"post_tag","embeddable":true,"href":"https:\/\/www.radiofiskars.fi\/wordpress\/wp-json\/wp\/v2\/tags?post=10341"}],"curies":[{"name":"wp","href":"https:\/\/api.w.org\/{rel}","templated":true}]}}