{"id":10416,"date":"2025-12-20T12:29:40","date_gmt":"2025-12-20T10:29:40","guid":{"rendered":"https:\/\/www.radiofiskars.fi\/wordpress\/?p=10416"},"modified":"2025-12-20T12:30:45","modified_gmt":"2025-12-20T10:30:45","slug":"taiteilijan-puheenvuoro-ritva-liisa-pohjalainen-2","status":"publish","type":"post","link":"https:\/\/www.radiofiskars.fi\/wordpress\/2025\/12\/taiteilijan-puheenvuoro-ritva-liisa-pohjalainen-2\/","title":{"rendered":"Taiteilijan puheenvuoro: RITVA-LIISA POHJALAINEN"},"content":{"rendered":"\n<p>Lasitaiteilija-muotoilija&nbsp;<strong>Ritva-Liisa Pohjalaisen<\/strong>&nbsp;puheenvuorossa el\u00e4m\u00e4nmittainen matka saa rakkaudent\u00e4yteiset ev\u00e4\u00e4ns\u00e4 jo varhaisessa lapsuudessa. Rohkeus, hetkess\u00e4 el\u00e4minen ja l\u00e4heiset kuljettavat taiteilijaa liki seikkailulta tuntuvalla matkalla eri puolilla maailmaa.<\/p>\n\n\n\n<figure class=\"wp-block-image size-full\"><a href=\"https:\/\/www.radiofiskars.fi\/wp-content\/uploads\/2025\/12\/82598462-7343-4C24-A349-E54F9A9CC797.jpeg\"><img loading=\"lazy\" decoding=\"async\" width=\"681\" height=\"508\" src=\"https:\/\/www.radiofiskars.fi\/wp-content\/uploads\/2025\/12\/82598462-7343-4C24-A349-E54F9A9CC797.jpeg\" alt=\"\" class=\"wp-image-10391\" srcset=\"https:\/\/www.radiofiskars.fi\/wp-content\/uploads\/2025\/12\/82598462-7343-4C24-A349-E54F9A9CC797.jpeg 681w, https:\/\/www.radiofiskars.fi\/wp-content\/uploads\/2025\/12\/82598462-7343-4C24-A349-E54F9A9CC797-300x224.jpeg 300w\" sizes=\"auto, (max-width: 681px) 100vw, 681px\" \/><\/a><figcaption class=\"wp-element-caption\">Kuva Ritva-Liisa Pohjalaisen kuva-arkisto.<\/figcaption><\/figure>\n\n\n\n<p><strong>EDELL\u00c4K\u00c4VIJ\u00c4LLE MIK\u00c4\u00c4N EI OLE OLLUT MAHDOTONTA<\/strong><\/p>\n\n\n\n<p>Ritva-Liisa Pohjalaisen ura on ollut viidell\u00e4 vuosikymmenell\u00e4 monivaiheinen. Aina jotakin uutta, mik\u00e4\u00e4n ei ole ollut mahdotonta. H\u00e4n ei ole noudattanut muodikkaita \u201dsyklej\u00e4\u201d vaan on luonut ne itse. Lapsuusmaisema on Per\u00e4meren rannalla Raahessa. Sen luontoon h\u00e4n on useasti palannut kaikissa tekemisiss\u00e4\u00e4n.<\/p>\n\n\n\n<p>Pohjalainen ehti olla p\u00e4\u00e4suunnittelija kaikissa Suomen johtavissa vaatetusalan yrityksiss\u00e4.&nbsp;<em>Piretta, Silo, Kestil\u00e4, Finn Flare, PTA<\/em><em>&nbsp;<\/em>ja<em>L-Fashion Group<\/em>.&nbsp;<em>Finnairin<\/em><em>&nbsp;<\/em>legendaariset henkil\u00f6kunnan palveluasut. Kansainv\u00e4lisyys tuli vaatteiden kysynn\u00e4n kautta, mutta tasoitti tiet\u00e4 muuhunkin tuotantoon, varsinkin lasin maailmaan. Yhteisty\u00f6&nbsp;<em>Nuutaj\u00e4rven<\/em>&nbsp;puhaltajien kanssa toi tiiviin kytk\u00f6ksen Italian Muranoon.<\/p>\n\n\n\n<p>Mutta Kuopioon Ritva-Liisa Pohjalainen on aina palannut.<\/p>\n\n\n\n<figure class=\"wp-block-gallery has-nested-images columns-default is-cropped wp-block-gallery-1 is-layout-flex wp-block-gallery-is-layout-flex\">\n<figure class=\"wp-block-image size-large\"><a href=\"https:\/\/www.radiofiskars.fi\/wp-content\/uploads\/2025\/12\/4DC50103-31E0-4A4F-B343-7F672880DF0F-scaled.jpeg\"><img loading=\"lazy\" decoding=\"async\" width=\"768\" height=\"1024\" data-id=\"10389\" src=\"https:\/\/www.radiofiskars.fi\/wp-content\/uploads\/2025\/12\/4DC50103-31E0-4A4F-B343-7F672880DF0F-768x1024.jpeg\" alt=\"\" class=\"wp-image-10389\" srcset=\"https:\/\/www.radiofiskars.fi\/wp-content\/uploads\/2025\/12\/4DC50103-31E0-4A4F-B343-7F672880DF0F-768x1024.jpeg 768w, https:\/\/www.radiofiskars.fi\/wp-content\/uploads\/2025\/12\/4DC50103-31E0-4A4F-B343-7F672880DF0F-225x300.jpeg 225w, https:\/\/www.radiofiskars.fi\/wp-content\/uploads\/2025\/12\/4DC50103-31E0-4A4F-B343-7F672880DF0F-1152x1536.jpeg 1152w, https:\/\/www.radiofiskars.fi\/wp-content\/uploads\/2025\/12\/4DC50103-31E0-4A4F-B343-7F672880DF0F-1536x2048.jpeg 1536w, https:\/\/www.radiofiskars.fi\/wp-content\/uploads\/2025\/12\/4DC50103-31E0-4A4F-B343-7F672880DF0F-scaled.jpeg 1920w\" sizes=\"auto, (max-width: 768px) 100vw, 768px\" \/><\/a><\/figure>\n\n\n\n<figure class=\"wp-block-image size-large\"><a href=\"https:\/\/www.radiofiskars.fi\/wp-content\/uploads\/2025\/12\/C2FD2E82-FD99-44A2-A2AD-7164EA48219C.jpeg\"><img loading=\"lazy\" decoding=\"async\" width=\"1024\" height=\"847\" data-id=\"10390\" src=\"https:\/\/www.radiofiskars.fi\/wp-content\/uploads\/2025\/12\/C2FD2E82-FD99-44A2-A2AD-7164EA48219C-1024x847.jpeg\" alt=\"\" class=\"wp-image-10390\" srcset=\"https:\/\/www.radiofiskars.fi\/wp-content\/uploads\/2025\/12\/C2FD2E82-FD99-44A2-A2AD-7164EA48219C-1024x847.jpeg 1024w, https:\/\/www.radiofiskars.fi\/wp-content\/uploads\/2025\/12\/C2FD2E82-FD99-44A2-A2AD-7164EA48219C-300x248.jpeg 300w, https:\/\/www.radiofiskars.fi\/wp-content\/uploads\/2025\/12\/C2FD2E82-FD99-44A2-A2AD-7164EA48219C-768x635.jpeg 768w, https:\/\/www.radiofiskars.fi\/wp-content\/uploads\/2025\/12\/C2FD2E82-FD99-44A2-A2AD-7164EA48219C-1536x1270.jpeg 1536w, https:\/\/www.radiofiskars.fi\/wp-content\/uploads\/2025\/12\/C2FD2E82-FD99-44A2-A2AD-7164EA48219C-2048x1694.jpeg 2048w\" sizes=\"auto, (max-width: 1024px) 100vw, 1024px\" \/><\/a><\/figure>\n<\/figure>\n\n\n\n<p><strong>FOUR SEASONS<\/strong>&nbsp;<strong>\u2013 Aikamatka l\u00e4pi suunnittelijan el\u00e4m\u00e4nty\u00f6n.<\/strong><\/p>\n\n\n\n<p>Koko vuodenkierto kulkee&nbsp;<em>KWUM<\/em>in vitriineiss\u00e4 ja p\u00f6ydill\u00e4 kuin panoraama. Ritva-Liisa Pohjalaisen taidelasi ja ter\u00e4sveistokset ovat valon ja v\u00e4rin juhlaa. \u201dVuodenajat ovat meille t\u00e4\u00e4ll\u00e4 etuoikeus, vaihtelua \u00e4\u00e4rimm\u00e4isyydest\u00e4 toiseen\u201d, h\u00e4n tiet\u00e4\u00e4. Valot, v\u00e4rit ja my\u00f6s varjot ovat ohjanneet h\u00e4nen ty\u00f6skentely\u00e4\u00e4n. Vaikutus on tallentunut erityisesti lasitaideteoksiin. N\u00e4yttelyvieras kohtaa kev\u00e4\u00e4n luonnon her\u00e4\u00e4misen ja kes\u00e4n tuhansien s\u00e4vyjen j\u00e4lkeen marraskuussa ulkona ja sis\u00e4ll\u00e4 ruskan, h\u00e4m\u00e4r\u00e4n ja tulen loimun. Talvi tuo t\u00f6ihin kuunvalon ja usvan, lumen mutta my\u00f6s harmauden. V\u00e4rit katoavat talvea kuvaavista teoksista kokonaan. Tilalle tulevat huurre ja j\u00e4\u00e4puikot. Uutena haasteena on kova ja kylm\u00e4 ter\u00e4s, joka on saanut teoksissa ilmavan, joskus l\u00e4hes painottoman olemuksen.<strong><\/strong><\/p>\n\n\n\n<p>\u201dTer\u00e4steosten my\u00f6t\u00e4 toteutin pitk\u00e4llisen haaveeni kasvattaa korujani j\u00e4ttil\u00e4iskokoon\u201d, Ritva-Liisa Pohjalainen avaa kaikkein tuoreinta materiaalivalintaa. Vanhimmat teokset ovat vuodelta 1974, kun Pohjalainen valmistui ammattiinsa, Ateneumista muotitaiteilijaksi. Tuoreimmat teokset ovat viime viikoilta. Lis\u00e4tietoja&nbsp;<a href=\"https:\/\/www.rlp.fi\/\">https:\/\/www.rlp.fi<\/a><\/p>\n\n\n\n<p><strong>FOUR SEASONS \u2013 valon ja v\u00e4rin ainutlaatuista juhlaa<\/strong>&nbsp;\u2013 Ritva-Liisa Pohjalaisen taidelasia ja ter\u00e4sveistoksia KWUM Galleriassa 9.11.2025\u201329.3.2026 , to\u2013su klo 12\u201317.<\/p>\n\n\n\n<p><strong>KWUM \u2013 STUDIO CERAMICS<br>MUSEUM AND GALLERY<\/strong><\/p>\n\n\n\n<p>Baklurantie 12, 10470 FISKARS<\/p>\n\n\n\n<p><a href=\"mailto:kw@karinwidnas.fi\">kw@karinwidnas.fi<\/a><br>+358 50 511 2232<\/p>\n<div class=\"powerpress_player\" id=\"powerpress_player_2432\"><audio class=\"wp-audio-shortcode\" id=\"audio-10416-1\" preload=\"none\" style=\"width: 100%;\" controls=\"controls\"><source type=\"audio\/mpeg\" src=\"https:\/\/www.radiofiskars.fi\/wp-content\/uploads\/2025\/12\/RitvaLiisaTakas.mp3?_=1\" \/><a href=\"https:\/\/www.radiofiskars.fi\/wp-content\/uploads\/2025\/12\/RitvaLiisaTakas.mp3\">https:\/\/www.radiofiskars.fi\/wp-content\/uploads\/2025\/12\/RitvaLiisaTakas.mp3<\/a><\/audio><\/div><p class=\"powerpress_links powerpress_links_mp3\" style=\"margin-bottom: 1px !important;\">Podcast: <a href=\"https:\/\/www.radiofiskars.fi\/wp-content\/uploads\/2025\/12\/RitvaLiisaTakas.mp3\" class=\"powerpress_link_pinw\" target=\"_blank\" title=\"Play in new window\" onclick=\"return powerpress_pinw('https:\/\/www.radiofiskars.fi\/wordpress\/?powerpress_pinw=10416-podcast');\" rel=\"nofollow\">Play in new window<\/a><\/p><!--powerpress_player-->","protected":false},"excerpt":{"rendered":"<p>Lasitaiteilija-muotoilija&nbsp;Ritva-Liisa Pohjalaisen&nbsp;puheenvuorossa el\u00e4m\u00e4nmittainen matka saa rakkaudent\u00e4yteiset ev\u00e4\u00e4ns\u00e4 jo varhaisessa lapsuudessa. Rohkeus, hetkess\u00e4 el\u00e4minen ja l\u00e4heiset kuljettavat taiteilijaa liki seikkailulta tuntuvalla matkalla eri puolilla maailmaa. EDELL\u00c4K\u00c4VIJ\u00c4LLE MIK\u00c4\u00c4N EI OLE OLLUT MAHDOTONTA Ritva-Liisa Pohjalaisen ura on ollut viidell\u00e4 vuosikymmenell\u00e4 monivaiheinen. Aina jotakin uutta, mik\u00e4\u00e4n ei ole ollut mahdotonta. H\u00e4n ei ole noudattanut muodikkaita \u201dsyklej\u00e4\u201d vaan on luonut &hellip; <a href=\"https:\/\/www.radiofiskars.fi\/wordpress\/2025\/12\/taiteilijan-puheenvuoro-ritva-liisa-pohjalainen-2\/\" class=\"more-link\">Jatka lukemista <span class=\"screen-reader-text\">Taiteilijan puheenvuoro: RITVA-LIISA POHJALAINEN<\/span> <span class=\"meta-nav\">&rarr;<\/span><\/a><\/p>\n","protected":false},"author":2,"featured_media":0,"comment_status":"closed","ping_status":"closed","sticky":true,"template":"","format":"standard","meta":{"footnotes":""},"categories":[1114],"tags":[560,1711,1712,1702],"class_list":["post-10416","post","type-post","status-publish","format-standard","hentry","category-taiteilijan-puheenvuoro","tag-kwum","tag-lasitaide","tag-muotoilu","tag-ritva-liisa-pohjalainen"],"_links":{"self":[{"href":"https:\/\/www.radiofiskars.fi\/wordpress\/wp-json\/wp\/v2\/posts\/10416","targetHints":{"allow":["GET"]}}],"collection":[{"href":"https:\/\/www.radiofiskars.fi\/wordpress\/wp-json\/wp\/v2\/posts"}],"about":[{"href":"https:\/\/www.radiofiskars.fi\/wordpress\/wp-json\/wp\/v2\/types\/post"}],"author":[{"embeddable":true,"href":"https:\/\/www.radiofiskars.fi\/wordpress\/wp-json\/wp\/v2\/users\/2"}],"replies":[{"embeddable":true,"href":"https:\/\/www.radiofiskars.fi\/wordpress\/wp-json\/wp\/v2\/comments?post=10416"}],"version-history":[{"count":1,"href":"https:\/\/www.radiofiskars.fi\/wordpress\/wp-json\/wp\/v2\/posts\/10416\/revisions"}],"predecessor-version":[{"id":10417,"href":"https:\/\/www.radiofiskars.fi\/wordpress\/wp-json\/wp\/v2\/posts\/10416\/revisions\/10417"}],"wp:attachment":[{"href":"https:\/\/www.radiofiskars.fi\/wordpress\/wp-json\/wp\/v2\/media?parent=10416"}],"wp:term":[{"taxonomy":"category","embeddable":true,"href":"https:\/\/www.radiofiskars.fi\/wordpress\/wp-json\/wp\/v2\/categories?post=10416"},{"taxonomy":"post_tag","embeddable":true,"href":"https:\/\/www.radiofiskars.fi\/wordpress\/wp-json\/wp\/v2\/tags?post=10416"}],"curies":[{"name":"wp","href":"https:\/\/api.w.org\/{rel}","templated":true}]}}