{"id":10829,"date":"2026-03-08T16:05:22","date_gmt":"2026-03-08T14:05:22","guid":{"rendered":"https:\/\/www.radiofiskars.fi\/wordpress\/?p=10829"},"modified":"2026-03-12T11:10:23","modified_gmt":"2026-03-12T09:10:23","slug":"pirkkalaiskirjailijoiden-kirjailijavartit","status":"publish","type":"post","link":"https:\/\/www.radiofiskars.fi\/wordpress\/2026\/03\/pirkkalaiskirjailijoiden-kirjailijavartit\/","title":{"rendered":"Pirkkalaiskirjailijoiden Kirjailijavartit"},"content":{"rendered":"\n<p>Radiofiskars julkaisee Pirkkalaiskirjailijoiden&nbsp;<strong>Kirjailijavartteja<\/strong>&nbsp;ja yhdistyksen muuta ohjelmaa osoitteessa&nbsp;<a href=\"https:\/\/www.radiofiskars.fi\/wordpress\/category\/pirkkalaiskirjailijat\" target=\"_blank\" rel=\"noreferrer noopener\"><strong>https:\/\/www.radiofiskars.fi\/wordpress\/category\/pirkkalaiskirjailijat<\/strong><\/a><strong><\/strong><\/p>\n\n\n\n<p><strong>Kirjailijavartti&nbsp;<\/strong>on Pirkkalaiskirjailijat ry:n tuottama ohjelma, jossa pirkanmaalaiset kirjailijat kertovat itsest\u00e4\u00e4n, ajatuksistaan ja sattumuksistaan vuosien varrella. He lukevat my\u00f6s otteita teoksistaan. Tuotanto @ 2023-2025 Pirkkalaiskirjailijat &amp; StudioKirja.&nbsp;<\/p>\n\n\n<div class=\"wp-block-image\">\n<figure class=\"aligncenter size-full\"><a href=\"https:\/\/www.radiofiskars.fi\/wp-content\/uploads\/2026\/03\/Pirkkajuliste_RFnetti.jpg\"><img loading=\"lazy\" decoding=\"async\" width=\"430\" height=\"615\" src=\"https:\/\/www.radiofiskars.fi\/wp-content\/uploads\/2026\/03\/Pirkkajuliste_RFnetti.jpg\" alt=\"\" class=\"wp-image-10827\" srcset=\"https:\/\/www.radiofiskars.fi\/wp-content\/uploads\/2026\/03\/Pirkkajuliste_RFnetti.jpg 430w, https:\/\/www.radiofiskars.fi\/wp-content\/uploads\/2026\/03\/Pirkkajuliste_RFnetti-210x300.jpg 210w\" sizes=\"auto, (max-width: 430px) 100vw, 430px\" \/><\/a><figcaption class=\"wp-element-caption\">Juliste: J. K. Ihalainen.<\/figcaption><\/figure>\n<\/div>\n\n\n<p>T\u00e4h\u00e4n asti ilmestyneet Kirjailijavartit, (kuvaajien nimet kunkin kirjailijan omalla sivulla):&nbsp;&nbsp;<\/p>\n\n\n\n<h1 class=\"wp-block-heading has-small-font-size\"><a href=\"https:\/\/www.radiofiskars.fi\/wordpress\/2026\/02\/rimma-erkko\/\" target=\"_blank\" rel=\"noreferrer noopener\">Rimma Erkko<\/a>,&nbsp;<a href=\"https:\/\/www.radiofiskars.fi\/wordpress\/2026\/02\/j-s-meresmaa\/\" target=\"_blank\" rel=\"noreferrer noopener\">J. S. Meresmaa<\/a>,&nbsp;<a href=\"https:\/\/www.radiofiskars.fi\/wordpress\/2026\/02\/laura-suomela\/\" target=\"_blank\" rel=\"noreferrer noopener\">Laura Suomela<\/a>,&nbsp;<a href=\"https:\/\/www.radiofiskars.fi\/wordpress\/2026\/02\/anna-elina-isoaro\/\" target=\"_blank\" rel=\"noreferrer noopener\">Anna Elina Isoaro<\/a>,&nbsp;<a href=\"https:\/\/www.radiofiskars.fi\/wordpress\/2026\/02\/marjatta-lehtovirta\/\" target=\"_blank\" rel=\"noreferrer noopener\">Marjatta Lehtovirta<\/a>,&nbsp;<a href=\"https:\/\/www.radiofiskars.fi\/wordpress\/2026\/02\/siiri-enoranta\/\" target=\"_blank\" rel=\"noreferrer noopener\">Siiri Enoranta<\/a>,&nbsp;<a href=\"https:\/\/www.radiofiskars.fi\/wordpress\/2026\/02\/mari-laaksonen\/\" target=\"_blank\" rel=\"noreferrer noopener\">Mari Laaksonen<\/a>,<a href=\"https:\/\/www.radiofiskars.fi\/wordpress\/2026\/02\/j-p-laitinen\/\" target=\"_blank\" rel=\"noreferrer noopener\">J. P. Laitinen<\/a>,&nbsp;<a href=\"https:\/\/www.radiofiskars.fi\/wordpress\/2026\/02\/jyrki-vainonen\/\" target=\"_blank\" rel=\"noreferrer noopener\">Jyrki Vainonen<\/a>,&nbsp;<a href=\"https:\/\/www.radiofiskars.fi\/wordpress\/2026\/02\/anni-kytomaki\/\" target=\"_blank\" rel=\"noreferrer noopener\">Anni Kyt\u00f6m\u00e4ki<\/a>,&nbsp;<a href=\"https:\/\/www.radiofiskars.fi\/wordpress\/2026\/02\/maritta-hirvonen\/\" target=\"_blank\" rel=\"noreferrer noopener\">Maritta Hirvonen<\/a>,&nbsp;<a href=\"https:\/\/www.radiofiskars.fi\/wordpress\/2026\/02\/niina-hakalahti\/\" target=\"_blank\" rel=\"noreferrer noopener\">Niina Hakalahti<\/a>,&nbsp;<a href=\"https:\/\/www.radiofiskars.fi\/wordpress\/2026\/02\/sami-hilvo\/\" target=\"_blank\" rel=\"noreferrer noopener\">Sami Hilvo<\/a>,&nbsp;<a href=\"https:\/\/www.radiofiskars.fi\/wordpress\/2026\/02\/asko-jaakonaho\/\" target=\"_blank\" rel=\"noreferrer noopener\">Asko Jaakonaho<\/a>,<\/h1>\n\n\n\n<h1 class=\"wp-block-heading has-small-font-size\"><a href=\"https:\/\/www.radiofiskars.fi\/wordpress\/2026\/02\/katariina-romppainen\/\" target=\"_blank\" rel=\"noreferrer noopener\">Katariina Romppainen<\/a>,&nbsp;<a href=\"https:\/\/www.radiofiskars.fi\/wordpress\/2026\/02\/taru-kumara-moisio\/\" target=\"_blank\" rel=\"noreferrer noopener\">Taru Kumara-Moisio<\/a>,&nbsp;<a href=\"https:\/\/www.radiofiskars.fi\/wordpress\/2026\/02\/reetta-vuokko-syrjanen\/\" target=\"_blank\" rel=\"noreferrer noopener\">Reetta Vuokko-Syrj\u00e4nen<\/a>,&nbsp;<a href=\"https:\/\/www.radiofiskars.fi\/wordpress\/2026\/02\/jussi-rusko\/\" target=\"_blank\" rel=\"noreferrer noopener\">Jussi Rusko<\/a>,&nbsp;<a href=\"https:\/\/www.radiofiskars.fi\/wordpress\/2026\/02\/erkki-kiviniemi\/\" target=\"_blank\" rel=\"noreferrer noopener\">Erkki Kiviniemi<\/a>,&nbsp;<a href=\"https:\/\/www.radiofiskars.fi\/wordpress\/2026\/02\/anne-kovalainen\/\" target=\"_blank\" rel=\"noreferrer noopener\">Anne Kovalainen<\/a>,&nbsp;<a href=\"https:\/\/www.radiofiskars.fi\/wordpress\/2026\/02\/sauli-salomaa\/\" target=\"_blank\" rel=\"noreferrer noopener\">Sauli Salomaa<\/a>,&nbsp;<a href=\"https:\/\/www.radiofiskars.fi\/wordpress\/2026\/02\/maria-asunta\/\" target=\"_blank\" rel=\"noreferrer noopener\">Maria Asunta<\/a>,&nbsp;<a href=\"https:\/\/www.radiofiskars.fi\/wordpress\/2026\/02\/kristiina-wallin\/\" target=\"_blank\" rel=\"noreferrer noopener\">Kristiina Wallin<\/a>,&nbsp;<a href=\"https:\/\/www.radiofiskars.fi\/wordpress\/2026\/02\/rauni-anita-martikainen\/\" target=\"_blank\" rel=\"noreferrer noopener\">Rauni Anita Martikainen<\/a>,&nbsp;<a href=\"https:\/\/www.radiofiskars.fi\/wordpress\/2026\/02\/marko-annala\/\" target=\"_blank\" rel=\"noreferrer noopener\">Marko Annala<\/a>,&nbsp;<a href=\"https:\/\/www.radiofiskars.fi\/wordpress\/2026\/02\/jarkko-tontti\/\" target=\"_blank\" rel=\"noreferrer noopener\">Jarkko Tontti<\/a>,&nbsp;<a href=\"https:\/\/www.radiofiskars.fi\/wordpress\/2026\/02\/riikka-palander\/\" target=\"_blank\" rel=\"noreferrer noopener\">Riikka Palander<\/a>,&nbsp;<a href=\"https:\/\/www.radiofiskars.fi\/wordpress\/2026\/02\/markku-soikkeli\/\" target=\"_blank\" rel=\"noreferrer noopener\">Markku Soikkeli&nbsp;<\/a>,&nbsp;<a href=\"https:\/\/www.radiofiskars.fi\/wordpress\/2026\/02\/tuula-kallioniemi\/\" target=\"_blank\" rel=\"noreferrer noopener\">Tuula&nbsp;Kallioniemi<\/a>,&nbsp;<a href=\"https:\/\/www.radiofiskars.fi\/wordpress\/2026\/02\/vesa-etelamaki\/\" target=\"_blank\" rel=\"noreferrer noopener\">Vesa Etel\u00e4m\u00e4ki<\/a>,&nbsp;<a href=\"https:\/\/www.radiofiskars.fi\/wordpress\/2026\/02\/jonimatti-joutsijarvi\/\" target=\"_blank\" rel=\"noreferrer noopener\">Jonimatti Joutsij\u00e4rvi<\/a>,&nbsp;<\/h1>\n\n\n\n<h1 class=\"wp-block-heading has-small-font-size\"><a href=\"https:\/\/www.radiofiskars.fi\/wordpress\/2026\/02\/milla-keranen\/\" target=\"_blank\" rel=\"noreferrer noopener\">Milla Ker\u00e4nen<\/a>,&nbsp;<a href=\"https:\/\/www.radiofiskars.fi\/wordpress\/2026\/02\/harri-istvan-maki\/\" target=\"_blank\" rel=\"noreferrer noopener\">Harri Istv\u00e1n-M\u00e4ki&nbsp;<\/a>,&nbsp;<a href=\"https:\/\/www.radiofiskars.fi\/wordpress\/2026\/02\/kaija-pispa\/\" target=\"_blank\" rel=\"noreferrer noopener\">Kaija Pispa<\/a>,&nbsp;<a href=\"https:\/\/www.radiofiskars.fi\/wordpress\/2026\/02\/timo-malmi\/\" target=\"_blank\" rel=\"noreferrer noopener\">Timo Malmi<\/a>,&nbsp;<a href=\"https:\/\/www.radiofiskars.fi\/wordpress\/2026\/02\/kristiina-harjula\/\" target=\"_blank\" rel=\"noreferrer noopener\">Kristiina Harjula<\/a>,&nbsp;<a href=\"https:\/\/www.radiofiskars.fi\/wordpress\/2026\/02\/anneli-kanto\/\" target=\"_blank\" rel=\"noreferrer noopener\">Anneli Kanto<\/a>,&nbsp;<a href=\"https:\/\/www.radiofiskars.fi\/wordpress\/2026\/02\/arto-lappi\/\" target=\"_blank\" rel=\"noreferrer noopener\">Arto Lappi<\/a>,&nbsp;<a href=\"https:\/\/www.radiofiskars.fi\/wordpress\/2026\/02\/artemis-kelosaari\/\" target=\"_blank\" rel=\"noreferrer noopener\">Artemis Kelosaari<\/a>,&nbsp;<a href=\"https:\/\/www.radiofiskars.fi\/wordpress\/2026\/02\/satu-hassi\/\" target=\"_blank\" rel=\"noreferrer noopener\">Satu Hassi<\/a>,&nbsp;<a href=\"https:\/\/www.radiofiskars.fi\/wordpress\/2026\/02\/paivi-alasalmi\/\" target=\"_blank\" rel=\"noreferrer noopener\">P\u00e4ivi Alasalmi<\/a>,&nbsp;<a href=\"https:\/\/www.radiofiskars.fi\/wordpress\/2026\/02\/juha-siro\/\" target=\"_blank\" rel=\"noreferrer noopener\">Juha Siro<\/a>,&nbsp;<a href=\"https:\/\/www.radiofiskars.fi\/wordpress\/2026\/02\/satu-lepisto\/\" target=\"_blank\" rel=\"noreferrer noopener\">Satu Lepist\u00f6<\/a>,&nbsp;<a href=\"https:\/\/www.radiofiskars.fi\/wordpress\/2026\/02\/j-k-ihalainen\/\" target=\"_blank\" rel=\"noreferrer noopener\">J. K. Ihalainen<\/a>,&nbsp;<a href=\"https:\/\/www.radiofiskars.fi\/wordpress\/2026\/02\/saara-metsaranta\/\" target=\"_blank\" rel=\"noreferrer noopener\">Saara Mets\u00e4ranta<\/a>,&nbsp;<a href=\"https:\/\/www.radiofiskars.fi\/wordpress\/2026\/02\/ulpu-maria-lehtinen\/\" target=\"_blank\" rel=\"noreferrer noopener\">Ulpu-Maria Lehtinen<\/a>,&nbsp;<a href=\"https:\/\/www.radiofiskars.fi\/wordpress\/2026\/02\/reetta-huttunen\/\" target=\"_blank\" rel=\"noreferrer noopener\">Reetta Huttunen<\/a>,&nbsp;<a href=\"https:\/\/www.radiofiskars.fi\/wordpress\/2026\/02\/mervi-koskinen\/\" target=\"_blank\" rel=\"noreferrer noopener\">Mervi Koskinen<\/a>,&nbsp;<a href=\"https:\/\/www.radiofiskars.fi\/wordpress\/2026\/02\/katariina-leino\/\" target=\"_blank\" rel=\"noreferrer noopener\">Katariina Leino<\/a>,&nbsp;<a href=\"https:\/\/www.radiofiskars.fi\/wordpress\/2026\/02\/hannu-paronen\/\" target=\"_blank\" rel=\"noreferrer noopener\">Hannu Paronen<\/a>,&nbsp;<a href=\"https:\/\/www.radiofiskars.fi\/wordpress\/2026\/02\/alexandra-salmela\/\" target=\"_blank\" rel=\"noreferrer noopener\">Alexandra Salmela<\/a>,&nbsp;<a href=\"https:\/\/www.radiofiskars.fi\/wordpress\/2026\/02\/anni-kuu-nupponen\/\" target=\"_blank\" rel=\"noreferrer noopener\">Anni Kuu Nupponen<\/a>,&nbsp;<a href=\"https:\/\/www.radiofiskars.fi\/wordpress\/2026\/02\/ilona-tomi\/\" target=\"_blank\" rel=\"noreferrer noopener\">Ilona Tomi<\/a>,&nbsp;<a href=\"https:\/\/www.radiofiskars.fi\/wordpress\/2025\/12\/tiina-poutanen\/\" target=\"_blank\" rel=\"noreferrer noopener\">Tiina Poutanen<\/a><\/h1>\n\n\n\n<p>Pirkkalaiskirjailijat ry on Suomen vanhin maakunnallinen\u00a0 kirjailijayhdistys. Se perustettiin hotelli Tammerissa Tampereella\u00a021.11.1943. Yhdistykseen on historian varrella kuulunut monia Suomen\u00a0kirjallisuuden merkkinimi\u00e4, kuten <strong>V\u00e4in\u00f6 Linna<\/strong>, <strong>Eeva-Liisa Manner<\/strong>,\u00a0<br><strong>Mirkka Rekola<\/strong> ja <strong>Kirsi Kunnas<\/strong>. Yhdistyksell\u00e4 on t\u00e4n\u00e4 p\u00e4iv\u00e4n\u00e4 yli 200\u00a0j\u00e4sent\u00e4, jotka kaikki ovat ammattikirjailijoita. Pirkkalaiskirjailijat\u00a0ry toimii laajasti Pirkanmaan kaunokirjailijoiden yhdyssiteen\u00e4, nostaa\u00a0esiin Tampereen asemaa merkitt\u00e4v\u00e4n\u00e4 kirjallisuuskaupunkina ja edist\u00e4\u00e4\u00a0<br>paikallisten kirjailijoiden asemaa. Yhdistys palvelee Pirkanmaan\u00a0asukkaita tuottamalla laadukasta ja monipuolista kulttuuritarjontaa ja\u00a0yleis\u00f6lle maksuttomia kirjallisuustapahtumia.<\/p>\n","protected":false},"excerpt":{"rendered":"<p>Radiofiskars julkaisee Pirkkalaiskirjailijoiden&nbsp;Kirjailijavartteja&nbsp;ja yhdistyksen muuta ohjelmaa osoitteessa&nbsp;https:\/\/www.radiofiskars.fi\/wordpress\/category\/pirkkalaiskirjailijat Kirjailijavartti&nbsp;on Pirkkalaiskirjailijat ry:n tuottama ohjelma, jossa pirkanmaalaiset kirjailijat kertovat itsest\u00e4\u00e4n, ajatuksistaan ja sattumuksistaan vuosien varrella. He lukevat my\u00f6s otteita teoksistaan. Tuotanto @ 2023-2025 Pirkkalaiskirjailijat &amp; StudioKirja.&nbsp; T\u00e4h\u00e4n asti ilmestyneet Kirjailijavartit, (kuvaajien nimet kunkin kirjailijan omalla sivulla):&nbsp;&nbsp; Rimma Erkko,&nbsp;J. S. Meresmaa,&nbsp;Laura Suomela,&nbsp;Anna Elina Isoaro,&nbsp;Marjatta Lehtovirta,&nbsp;Siiri Enoranta,&nbsp;Mari Laaksonen,J. P. Laitinen,&nbsp;Jyrki &hellip; <a href=\"https:\/\/www.radiofiskars.fi\/wordpress\/2026\/03\/pirkkalaiskirjailijoiden-kirjailijavartit\/\" class=\"more-link\">Jatka lukemista <span class=\"screen-reader-text\">Pirkkalaiskirjailijoiden Kirjailijavartit<\/span> <span class=\"meta-nav\">&rarr;<\/span><\/a><\/p>\n","protected":false},"author":2,"featured_media":0,"comment_status":"closed","ping_status":"closed","sticky":true,"template":"","format":"standard","meta":{"footnotes":""},"categories":[1696],"tags":[1783,1784],"class_list":["post-10829","post","type-post","status-publish","format-standard","hentry","category-pirkkalaiskirjailijat","tag-pirkkalaiskirjailijat-ry","tag-studiokirja"],"_links":{"self":[{"href":"https:\/\/www.radiofiskars.fi\/wordpress\/wp-json\/wp\/v2\/posts\/10829","targetHints":{"allow":["GET"]}}],"collection":[{"href":"https:\/\/www.radiofiskars.fi\/wordpress\/wp-json\/wp\/v2\/posts"}],"about":[{"href":"https:\/\/www.radiofiskars.fi\/wordpress\/wp-json\/wp\/v2\/types\/post"}],"author":[{"embeddable":true,"href":"https:\/\/www.radiofiskars.fi\/wordpress\/wp-json\/wp\/v2\/users\/2"}],"replies":[{"embeddable":true,"href":"https:\/\/www.radiofiskars.fi\/wordpress\/wp-json\/wp\/v2\/comments?post=10829"}],"version-history":[{"count":11,"href":"https:\/\/www.radiofiskars.fi\/wordpress\/wp-json\/wp\/v2\/posts\/10829\/revisions"}],"predecessor-version":[{"id":10842,"href":"https:\/\/www.radiofiskars.fi\/wordpress\/wp-json\/wp\/v2\/posts\/10829\/revisions\/10842"}],"wp:attachment":[{"href":"https:\/\/www.radiofiskars.fi\/wordpress\/wp-json\/wp\/v2\/media?parent=10829"}],"wp:term":[{"taxonomy":"category","embeddable":true,"href":"https:\/\/www.radiofiskars.fi\/wordpress\/wp-json\/wp\/v2\/categories?post=10829"},{"taxonomy":"post_tag","embeddable":true,"href":"https:\/\/www.radiofiskars.fi\/wordpress\/wp-json\/wp\/v2\/tags?post=10829"}],"curies":[{"name":"wp","href":"https:\/\/api.w.org\/{rel}","templated":true}]}}