{"id":110,"date":"2012-05-29T10:38:53","date_gmt":"2012-05-29T07:38:53","guid":{"rendered":"http:\/\/www.radiofiskars.fi\/wp\/?p=110"},"modified":"2024-02-22T17:58:24","modified_gmt":"2024-02-22T15:58:24","slug":"aanessa-visa-kaliva","status":"publish","type":"post","link":"https:\/\/www.radiofiskars.fi\/wordpress\/2012\/05\/aanessa-visa-kaliva\/","title":{"rendered":"\u00c4\u00e4ness\u00e4 Visa Kaliva"},"content":{"rendered":"<p><a href=\"https:\/\/www.radiofiskars.fi\/wordpress\/wp-content\/uploads\/2012\/03\/visa_kaliva.mp3\">Kuuntele<\/a>\u00a0Muun muassa kirjailijana ja kasviskokkina tunnettu Visa Kaliva vaihtoi liki 15 vuoden Fiskarsissa asumisen j\u00e4lkeen paikkakuntaa. Seuraavassa l\u00e4ksi\u00e4ishaastattelussa h\u00e4n pohtii Fiskarsia, yhteis\u00f6llisyytt\u00e4 sek\u00e4 ufomaailman nykytilaa. Kokonaispituus 29.44<\/p>\n<p>Lis\u00e4tietoja Visasta muun muassa <a title=\"Starpeople\" href=\"http:\/\/www.youtube.com\/results?search_query=starpeople+visa+kaliva&amp;oq=starpeople+visa+kaliva&amp;aq=f&amp;aqi=&amp;aql=&amp;gs_sm=3&amp;gs_upl=367l3728l0l3858l18l18l0l0l0l0l159l1735l8.10l18l0\" target=\"_blank\" rel=\"noopener\">YouTube: Starpeople by Visa Kaliva<\/a><\/p>\n<p>http:\/\/youtu.be\/KDtssv0tw-4<\/p>\n<div class=\"powerpress_player\" id=\"powerpress_player_327\"><audio class=\"wp-audio-shortcode\" id=\"audio-110-1\" preload=\"none\" style=\"width: 100%;\" controls=\"controls\"><source type=\"audio\/mpeg\" src=\"https:\/\/www.radiofiskars.fi\/wp-content\/uploads\/2012\/03\/visa_kaliva.mp3?_=1\" \/><a href=\"https:\/\/www.radiofiskars.fi\/wp-content\/uploads\/2012\/03\/visa_kaliva.mp3\">https:\/\/www.radiofiskars.fi\/wp-content\/uploads\/2012\/03\/visa_kaliva.mp3<\/a><\/audio><\/div><p class=\"powerpress_links powerpress_links_mp3\" style=\"margin-bottom: 1px !important;\">Podcast: <a href=\"https:\/\/www.radiofiskars.fi\/wp-content\/uploads\/2012\/03\/visa_kaliva.mp3\" class=\"powerpress_link_pinw\" target=\"_blank\" title=\"Play in new window\" onclick=\"return powerpress_pinw('https:\/\/www.radiofiskars.fi\/wordpress\/?powerpress_pinw=110-podcast');\" rel=\"nofollow\">Play in new window<\/a><\/p><!--powerpress_player-->","protected":false},"excerpt":{"rendered":"<p>Kuuntele\u00a0Muun muassa kirjailijana ja kasviskokkina tunnettu Visa Kaliva vaihtoi liki 15 vuoden Fiskarsissa asumisen j\u00e4lkeen paikkakuntaa. Seuraavassa l\u00e4ksi\u00e4ishaastattelussa h\u00e4n pohtii Fiskarsia, yhteis\u00f6llisyytt\u00e4 sek\u00e4 ufomaailman nykytilaa. Kokonaispituus 29.44 Lis\u00e4tietoja Visasta muun muassa YouTube: Starpeople by Visa Kaliva http:\/\/youtu.be\/KDtssv0tw-4 https:\/\/www.radiofiskars.fi\/wp-content\/uploads\/2012\/03\/visa_kaliva.mp3Podcast: Play in new window<\/p>\n","protected":false},"author":2,"featured_media":0,"comment_status":"open","ping_status":"open","sticky":false,"template":"","format":"standard","meta":{"footnotes":""},"categories":[5,9],"tags":[],"class_list":["post-110","post","type-post","status-publish","format-standard","hentry","category-haastattelut","category-ruukinjyviajaakanoita"],"_links":{"self":[{"href":"https:\/\/www.radiofiskars.fi\/wordpress\/wp-json\/wp\/v2\/posts\/110","targetHints":{"allow":["GET"]}}],"collection":[{"href":"https:\/\/www.radiofiskars.fi\/wordpress\/wp-json\/wp\/v2\/posts"}],"about":[{"href":"https:\/\/www.radiofiskars.fi\/wordpress\/wp-json\/wp\/v2\/types\/post"}],"author":[{"embeddable":true,"href":"https:\/\/www.radiofiskars.fi\/wordpress\/wp-json\/wp\/v2\/users\/2"}],"replies":[{"embeddable":true,"href":"https:\/\/www.radiofiskars.fi\/wordpress\/wp-json\/wp\/v2\/comments?post=110"}],"version-history":[{"count":1,"href":"https:\/\/www.radiofiskars.fi\/wordpress\/wp-json\/wp\/v2\/posts\/110\/revisions"}],"predecessor-version":[{"id":8112,"href":"https:\/\/www.radiofiskars.fi\/wordpress\/wp-json\/wp\/v2\/posts\/110\/revisions\/8112"}],"wp:attachment":[{"href":"https:\/\/www.radiofiskars.fi\/wordpress\/wp-json\/wp\/v2\/media?parent=110"}],"wp:term":[{"taxonomy":"category","embeddable":true,"href":"https:\/\/www.radiofiskars.fi\/wordpress\/wp-json\/wp\/v2\/categories?post=110"},{"taxonomy":"post_tag","embeddable":true,"href":"https:\/\/www.radiofiskars.fi\/wordpress\/wp-json\/wp\/v2\/tags?post=110"}],"curies":[{"name":"wp","href":"https:\/\/api.w.org\/{rel}","templated":true}]}}