{"id":11107,"date":"2026-09-06T12:21:22","date_gmt":"2026-09-06T09:21:22","guid":{"rendered":"https:\/\/www.radiofiskars.fi\/wordpress\/?p=11107"},"modified":"2026-09-06T12:21:22","modified_gmt":"2026-09-06T09:21:22","slug":"annikin-runofestivaali-vy-tram","status":"publish","type":"post","link":"https:\/\/www.radiofiskars.fi\/wordpress\/2026\/09\/annikin-runofestivaali-vy-tram\/","title":{"rendered":"Annikin Runofestivaali \u2013 Vy Tram"},"content":{"rendered":"\n<figure class=\"wp-block-image size-large\"><a href=\"https:\/\/www.radiofiskars.fi\/wp-content\/uploads\/2026\/07\/719234104_1588337526627896_3222775203449982670_n.jpg\"><img loading=\"lazy\" decoding=\"async\" width=\"1024\" height=\"683\" src=\"https:\/\/www.radiofiskars.fi\/wp-content\/uploads\/2026\/07\/719234104_1588337526627896_3222775203449982670_n-1024x683.jpg\" alt=\"\" class=\"wp-image-11098\" srcset=\"https:\/\/www.radiofiskars.fi\/wp-content\/uploads\/2026\/07\/719234104_1588337526627896_3222775203449982670_n-1024x683.jpg 1024w, https:\/\/www.radiofiskars.fi\/wp-content\/uploads\/2026\/07\/719234104_1588337526627896_3222775203449982670_n-300x200.jpg 300w, https:\/\/www.radiofiskars.fi\/wp-content\/uploads\/2026\/07\/719234104_1588337526627896_3222775203449982670_n-768x512.jpg 768w, https:\/\/www.radiofiskars.fi\/wp-content\/uploads\/2026\/07\/719234104_1588337526627896_3222775203449982670_n-1536x1025.jpg 1536w, https:\/\/www.radiofiskars.fi\/wp-content\/uploads\/2026\/07\/719234104_1588337526627896_3222775203449982670_n.jpg 2048w\" sizes=\"auto, (max-width: 1024px) 100vw, 1024px\" \/><\/a><figcaption class=\"wp-element-caption\">Aino Suonio ja Vy Tram, kuva Eino Ansio.<\/figcaption><\/figure>\n\n\n\n<p class=\"wp-block-paragraph\"><strong>Vy Tram<\/strong> k\u00e4sitteli vuonna 2025 ilmestyneess\u00e4 esikoisromaanissaan <em>Stigma<\/em> (WSOY) h\u00e4pe\u00e4\u00e4, ulkopuolisuutta ja identiteetti\u00e4 suomenvietnamilaisen p\u00e4\u00e4henkil\u00f6ns\u00e4 kautta. H\u00e4n on julkaissut my\u00f6s kolumneja, analyyseja popkulttuurista, esseit\u00e4, feature-artikkeleja, runoja sek\u00e4 novelleja eri verkkomedioissa ja lehdiss\u00e4. Tramin teksteille on ominaista henkil\u00f6kohtaisuuden ja yhteiskunnallisten teemojen yhdist\u00e4minen sek\u00e4 tarkka, minimalistinen kieli. H\u00e4nen teksteiss\u00e4\u00e4n usein toistuvia teemoja ovat yhteenkuuluvuuden tarve, kielen merkitys sek\u00e4 kulttuurien v\u00e4liset kysymykset. Tramin kirjoitustyyli liikkuu runouden ja proosan rajapinnassa, ja h\u00e4nen ilmaisussaan korostuvat havainnot arjesta sek\u00e4 sis\u00e4isest\u00e4 kokemusmaailmasta. Juontaja Aino Suonio.<\/p>\n\n\n\n<p class=\"wp-block-paragraph\"><\/p>\n<div class=\"powerpress_player\" id=\"powerpress_player_1786\"><audio class=\"wp-audio-shortcode\" id=\"audio-11107-1\" preload=\"none\" style=\"width: 100%;\" controls=\"controls\"><source type=\"audio\/mpeg\" src=\"https:\/\/www.radiofiskars.fi\/wp-content\/uploads\/2026\/06\/VyTramTakas.mp3?_=1\" \/><a href=\"https:\/\/www.radiofiskars.fi\/wp-content\/uploads\/2026\/06\/VyTramTakas.mp3\">https:\/\/www.radiofiskars.fi\/wp-content\/uploads\/2026\/06\/VyTramTakas.mp3<\/a><\/audio><\/div><p class=\"powerpress_links powerpress_links_mp3\" style=\"margin-bottom: 1px !important;\">Podcast: <a href=\"https:\/\/www.radiofiskars.fi\/wp-content\/uploads\/2026\/06\/VyTramTakas.mp3\" class=\"powerpress_link_pinw\" target=\"_blank\" title=\"Play in new window\" onclick=\"return powerpress_pinw('https:\/\/www.radiofiskars.fi\/wordpress\/?powerpress_pinw=11107-podcast');\" rel=\"nofollow\">Play in new window<\/a><\/p><!--powerpress_player-->","protected":false},"excerpt":{"rendered":"<p>Vy Tram k\u00e4sitteli vuonna 2025 ilmestyneess\u00e4 esikoisromaanissaan Stigma (WSOY) h\u00e4pe\u00e4\u00e4, ulkopuolisuutta ja identiteetti\u00e4 suomenvietnamilaisen p\u00e4\u00e4henkil\u00f6ns\u00e4 kautta. H\u00e4n on julkaissut my\u00f6s kolumneja, analyyseja popkulttuurista, esseit\u00e4, feature-artikkeleja, runoja sek\u00e4 novelleja eri verkkomedioissa ja lehdiss\u00e4. Tramin teksteille on ominaista henkil\u00f6kohtaisuuden ja yhteiskunnallisten teemojen yhdist\u00e4minen sek\u00e4 tarkka, minimalistinen kieli. H\u00e4nen teksteiss\u00e4\u00e4n usein toistuvia teemoja ovat yhteenkuuluvuuden tarve, kielen merkitys &hellip; <a href=\"https:\/\/www.radiofiskars.fi\/wordpress\/2026\/09\/annikin-runofestivaali-vy-tram\/\" class=\"more-link\">Jatka lukemista <span class=\"screen-reader-text\">Annikin Runofestivaali \u2013 Vy Tram<\/span> <span class=\"meta-nav\">&rarr;<\/span><\/a><\/p>\n","protected":false},"author":2,"featured_media":0,"comment_status":"closed","ping_status":"closed","sticky":false,"template":"","format":"standard","meta":{"footnotes":""},"categories":[51],"tags":[1808,1340,1352,1829],"class_list":["post-11107","post","type-post","status-publish","format-standard","hentry","category-tapahtumataltioinnit","tag-aino-suonio","tag-annikin-runofestivaali","tag-eino-ansio","tag-vy-tram"],"_links":{"self":[{"href":"https:\/\/www.radiofiskars.fi\/wordpress\/wp-json\/wp\/v2\/posts\/11107","targetHints":{"allow":["GET"]}}],"collection":[{"href":"https:\/\/www.radiofiskars.fi\/wordpress\/wp-json\/wp\/v2\/posts"}],"about":[{"href":"https:\/\/www.radiofiskars.fi\/wordpress\/wp-json\/wp\/v2\/types\/post"}],"author":[{"embeddable":true,"href":"https:\/\/www.radiofiskars.fi\/wordpress\/wp-json\/wp\/v2\/users\/2"}],"replies":[{"embeddable":true,"href":"https:\/\/www.radiofiskars.fi\/wordpress\/wp-json\/wp\/v2\/comments?post=11107"}],"version-history":[{"count":4,"href":"https:\/\/www.radiofiskars.fi\/wordpress\/wp-json\/wp\/v2\/posts\/11107\/revisions"}],"predecessor-version":[{"id":11186,"href":"https:\/\/www.radiofiskars.fi\/wordpress\/wp-json\/wp\/v2\/posts\/11107\/revisions\/11186"}],"wp:attachment":[{"href":"https:\/\/www.radiofiskars.fi\/wordpress\/wp-json\/wp\/v2\/media?parent=11107"}],"wp:term":[{"taxonomy":"category","embeddable":true,"href":"https:\/\/www.radiofiskars.fi\/wordpress\/wp-json\/wp\/v2\/categories?post=11107"},{"taxonomy":"post_tag","embeddable":true,"href":"https:\/\/www.radiofiskars.fi\/wordpress\/wp-json\/wp\/v2\/tags?post=11107"}],"curies":[{"name":"wp","href":"https:\/\/api.w.org\/{rel}","templated":true}]}}