{"id":11122,"date":"2026-09-03T10:39:20","date_gmt":"2026-09-03T07:39:20","guid":{"rendered":"https:\/\/www.radiofiskars.fi\/wordpress\/?p=11122"},"modified":"2026-09-06T12:20:34","modified_gmt":"2026-09-06T09:20:34","slug":"annikin-runofestivaali-regina-roze-mx","status":"publish","type":"post","link":"https:\/\/www.radiofiskars.fi\/wordpress\/2026\/09\/annikin-runofestivaali-regina-roze-mx\/","title":{"rendered":"Annikin Runofestivaali Regina Roze (MX)"},"content":{"rendered":"\n<p class=\"wp-block-paragraph\"><strong>Regina Roze (MX)<\/strong> The Mexican poet, philosopher, dramaturge and performance artist Regina Roze will bring the vivid voice of contemporary Latin American poetry to our festival. Roze started working intensively with theatre, dance and literature in her youth. In 2013, her debut work <em>Liminal<\/em> earned her the Premio de Poes\u00eda Joven award for young poets. Her latest poetry collection <em>Mundano<\/em> came out in 2021. As a philosopher, Roze has been working with projects relating to corporeality in particular. In 2022, she started the Popoes\u00eda project, which brings experimental literature and poetry to audiences through social media and workshops. Roze has also been working with experimental music and is regularly involved in performances combining poetry and music. <\/p>\n\n\n<div class=\"wp-block-image\">\n<figure class=\"aligncenter size-full\"><a href=\"https:\/\/www.radiofiskars.fi\/wp-content\/uploads\/2026\/06\/Roza_small.jpg\"><img loading=\"lazy\" decoding=\"async\" width=\"336\" height=\"496\" src=\"https:\/\/www.radiofiskars.fi\/wp-content\/uploads\/2026\/06\/Roza_small.jpg\" alt=\"\" class=\"wp-image-11074\" srcset=\"https:\/\/www.radiofiskars.fi\/wp-content\/uploads\/2026\/06\/Roza_small.jpg 336w, https:\/\/www.radiofiskars.fi\/wp-content\/uploads\/2026\/06\/Roza_small-203x300.jpg 203w\" sizes=\"auto, (max-width: 336px) 100vw, 336px\" \/><\/a><figcaption class=\"wp-element-caption\">Re\u00adgi\u00adna Roze, kuva J. K. Ihalainen.<\/figcaption><\/figure>\n<\/div>\n\n\n<p class=\"wp-block-paragraph\">Mek\u00adsi\u00adko\u00adlai\u00adnen ru\u00adnoi\u00adli\u00adja, fi\u00adlo\u00adso\u00adfi, dra\u00adma\u00adtur\u00adgi ja esi\u00adtys\u00adtai\u00adtei\u00adli\u00adja <strong>Re\u00adgi\u00adna Roze<\/strong> tuo oh\u00adjel\u00admis\u00adtoom\u00adme la\u00adti\u00adna\u00adlai\u00adsa\u00adme\u00adrik\u00adka\u00adlai\u00adsen ny\u00adky\u00adru\u00adnou\u00adden elin\u00advoi\u00admai\u00adsen \u00e4\u00e4nen. Jo nuo\u00adre\u00adna Roze ty\u00f6s\u00adken\u00adte\u00adli tii\u00adviis\u00adti teat\u00adte\u00adrin, tans\u00adsin ja kir\u00adjal\u00adli\u00adsuu\u00adden pa\u00adris\u00adsa. Vuon\u00adna 2013 h\u00e4net pal\u00adkit\u00adtiin esi\u00adkois\u00adteok\u00adses\u00adtaan <em>Li\u00admi\u00adnal<\/em> nuor\u00adten ru\u00adnoi\u00adli\u00adjoi\u00adden Pre\u00admio de Poes\u00eda Joven -pal\u00adkin\u00adnol\u00adla. H\u00e4nen vii\u00admei\u00adsin ru\u00adno\u00adko\u00adkoel\u00adman\u00adsa on vuon\u00adna 2021 il\u00admes\u00adty\u00adnyt <em>Mun\u00adda\u00adno<\/em>. Fi\u00adlo\u00adso\u00adfi\u00adna Roze on ty\u00f6s\u00adken\u00adnel\u00adlyt eri\u00adtyi\u00adses\u00adti ke\u00adhol\u00adli\u00adsuu\u00adteen liit\u00adty\u00advien hank\u00adkei\u00adden pa\u00adris\u00adsa. Vuon\u00adna 2022 h\u00e4n k\u00e4yn\u00adnis\u00adti Po\u00adpoes\u00eda-pro\u00adjek\u00adtin, joka tuo ko\u00adkeel\u00adlis\u00adta kir\u00adjal\u00adli\u00adsuut\u00adta ja ru\u00adnout\u00adta ylei\u00ads\u00f6n ulot\u00adtu\u00advil\u00adle so\u00adsi\u00adaa\u00adli\u00adsen me\u00addian ja ty\u00f6\u00adpa\u00adjo\u00adjen kaut\u00adta. Roze on ty\u00f6s\u00adken\u00adnel\u00adlyt my\u00f6s ko\u00adkeel\u00adli\u00adsen musii\u00adkin pa\u00adris\u00adsa ja esiin\u00adtyy s\u00e4\u00e4n\u00adn\u00f6l\u00adli\u00adses\u00adti ru\u00adnout\u00adta ja musiik\u00adkia yh\u00addis\u00adt\u00e4\u00advis\u00ads\u00e4 esi\u00adtyk\u00adsis\u00ads\u00e4. Juontajana<strong> P\u00e4ivi Haanp\u00e4\u00e4<\/strong>.<\/p>\n<div class=\"powerpress_player\" id=\"powerpress_player_7224\"><audio class=\"wp-audio-shortcode\" id=\"audio-11122-1\" preload=\"none\" style=\"width: 100%;\" controls=\"controls\"><source type=\"audio\/mpeg\" src=\"https:\/\/www.radiofiskars.fi\/wp-content\/uploads\/2026\/06\/ReginaTakas.mp3?_=1\" \/><a href=\"https:\/\/www.radiofiskars.fi\/wp-content\/uploads\/2026\/06\/ReginaTakas.mp3\">https:\/\/www.radiofiskars.fi\/wp-content\/uploads\/2026\/06\/ReginaTakas.mp3<\/a><\/audio><\/div><p class=\"powerpress_links powerpress_links_mp3\" style=\"margin-bottom: 1px !important;\">Podcast: <a href=\"https:\/\/www.radiofiskars.fi\/wp-content\/uploads\/2026\/06\/ReginaTakas.mp3\" class=\"powerpress_link_pinw\" target=\"_blank\" title=\"Play in new window\" onclick=\"return powerpress_pinw('https:\/\/www.radiofiskars.fi\/wordpress\/?powerpress_pinw=11122-podcast');\" rel=\"nofollow\">Play in new window<\/a><\/p><!--powerpress_player-->","protected":false},"excerpt":{"rendered":"<p>Regina Roze (MX) The Mexican poet, philosopher, dramaturge and performance artist Regina Roze will bring the vivid voice of contemporary Latin American poetry to our festival. Roze started working intensively with theatre, dance and literature in her youth. In 2013, her debut work Liminal earned her the Premio de Poes\u00eda Joven award for young poets. &hellip; <a href=\"https:\/\/www.radiofiskars.fi\/wordpress\/2026\/09\/annikin-runofestivaali-regina-roze-mx\/\" class=\"more-link\">Jatka lukemista <span class=\"screen-reader-text\">Annikin Runofestivaali Regina Roze (MX)<\/span> <span class=\"meta-nav\">&rarr;<\/span><\/a><\/p>\n","protected":false},"author":2,"featured_media":0,"comment_status":"closed","ping_status":"closed","sticky":false,"template":"","format":"standard","meta":{"footnotes":""},"categories":[51],"tags":[1340,980,1811],"class_list":["post-11122","post","type-post","status-publish","format-standard","hentry","category-tapahtumataltioinnit","tag-annikin-runofestivaali","tag-paivi-haanpaa","tag-regina-roze"],"_links":{"self":[{"href":"https:\/\/www.radiofiskars.fi\/wordpress\/wp-json\/wp\/v2\/posts\/11122","targetHints":{"allow":["GET"]}}],"collection":[{"href":"https:\/\/www.radiofiskars.fi\/wordpress\/wp-json\/wp\/v2\/posts"}],"about":[{"href":"https:\/\/www.radiofiskars.fi\/wordpress\/wp-json\/wp\/v2\/types\/post"}],"author":[{"embeddable":true,"href":"https:\/\/www.radiofiskars.fi\/wordpress\/wp-json\/wp\/v2\/users\/2"}],"replies":[{"embeddable":true,"href":"https:\/\/www.radiofiskars.fi\/wordpress\/wp-json\/wp\/v2\/comments?post=11122"}],"version-history":[{"count":4,"href":"https:\/\/www.radiofiskars.fi\/wordpress\/wp-json\/wp\/v2\/posts\/11122\/revisions"}],"predecessor-version":[{"id":11132,"href":"https:\/\/www.radiofiskars.fi\/wordpress\/wp-json\/wp\/v2\/posts\/11122\/revisions\/11132"}],"wp:attachment":[{"href":"https:\/\/www.radiofiskars.fi\/wordpress\/wp-json\/wp\/v2\/media?parent=11122"}],"wp:term":[{"taxonomy":"category","embeddable":true,"href":"https:\/\/www.radiofiskars.fi\/wordpress\/wp-json\/wp\/v2\/categories?post=11122"},{"taxonomy":"post_tag","embeddable":true,"href":"https:\/\/www.radiofiskars.fi\/wordpress\/wp-json\/wp\/v2\/tags?post=11122"}],"curies":[{"name":"wp","href":"https:\/\/api.w.org\/{rel}","templated":true}]}}