{"id":11174,"date":"2026-09-06T11:59:13","date_gmt":"2026-09-06T08:59:13","guid":{"rendered":"https:\/\/www.radiofiskars.fi\/wordpress\/?p=11174"},"modified":"2026-09-06T12:22:08","modified_gmt":"2026-09-06T09:22:08","slug":"filosofi-mikko-lahtinen-itsenaisen-ajattelun-rajat-ja-mahdollisuudet","status":"publish","type":"post","link":"https:\/\/www.radiofiskars.fi\/wordpress\/2026\/09\/filosofi-mikko-lahtinen-itsenaisen-ajattelun-rajat-ja-mahdollisuudet\/","title":{"rendered":"Filosofi MIKKO LAHTINEN \u2013 Itsen\u00e4isen ajattelun rajat ja mahdollisuudet"},"content":{"rendered":"\n<p class=\"wp-block-paragraph\"><em>Ajattelu on ilmaista! \u2013 Det kostar int\u2019 att t\u00e4nka!<\/em> ker\u00e4si elokuun viimeisen\u00e4 perjantaina innostuneen yleis\u00f6n kuuntelemaan, kun yliopistolehtori, filosofi ja politiikan tutkija <strong>Mikko Lahtinen<\/strong>&nbsp;johdatti ajattelun ytimeen: mitk\u00e4 ovat ajattelun rajat, haasteet ja mahdollisuudet.&nbsp;&nbsp;<\/p>\n\n\n<div class=\"wp-block-image\">\n<figure class=\"aligncenter size-large is-resized\"><a href=\"https:\/\/www.radiofiskars.fi\/wp-content\/uploads\/2026\/09\/Mikko2.jpg\"><img loading=\"lazy\" decoding=\"async\" width=\"788\" height=\"1024\" src=\"https:\/\/www.radiofiskars.fi\/wp-content\/uploads\/2026\/09\/Mikko2-788x1024.jpg\" alt=\"\" class=\"wp-image-11227\" style=\"aspect-ratio:0.769526403109085;width:422px;height:auto\" srcset=\"https:\/\/www.radiofiskars.fi\/wp-content\/uploads\/2026\/09\/Mikko2-788x1024.jpg 788w, https:\/\/www.radiofiskars.fi\/wp-content\/uploads\/2026\/09\/Mikko2-231x300.jpg 231w, https:\/\/www.radiofiskars.fi\/wp-content\/uploads\/2026\/09\/Mikko2-768x998.jpg 768w, https:\/\/www.radiofiskars.fi\/wp-content\/uploads\/2026\/09\/Mikko2-1182x1536.jpg 1182w, https:\/\/www.radiofiskars.fi\/wp-content\/uploads\/2026\/09\/Mikko2.jpg 1323w\" sizes=\"auto, (max-width: 788px) 100vw, 788px\" \/><\/a><figcaption class=\"wp-element-caption\">Mikko Lahtinen, kuva J. K. Ihalainen.<\/figcaption><\/figure>\n<\/div>\n\n\n<p class=\"wp-block-paragraph\">Illan l\u00e4ht\u00f6kohtana on, ett\u00e4 jokainen ihminen on ajattelija. Se ei kuitenkaan merkitse, ett\u00e4 olisimme itsen\u00e4isi\u00e4 ja omaper\u00e4isi\u00e4 tai kriittisi\u00e4 omassa ajattelussamme. T\u00e4m\u00e4 johtuu siit\u00e4, ett\u00e4 ajatuksemme eiv\u00e4t olekaan vain omiamme, vaan niit\u00e4 ohjaavat kulttuurin ja yhteiskunnan rakenteet ja k\u00e4yt\u00e4nn\u00f6t, usein meid\u00e4n niit\u00e4 tiedostamatta.<\/p>\n\n\n\n<p class=\"wp-block-paragraph\">Miss\u00e4 m\u00e4\u00e4rin meit\u00e4 ohjataan, kuka tai mik\u00e4 istuu ohjainten takana? Mit\u00e4 mahdollisuuksia meill\u00e4 on kehitty\u00e4 kriittisiksi, itsen\u00e4isiksi ajattelijoiksi?<\/p>\n\n\n\n<p class=\"wp-block-paragraph\">Luentoa seurasi vire\u00e4 ja monipuolinen keskustelu muun muassa ajattelusta, yliopistomaailmasta ja yhteis\u00f6llisyydest\u00e4.<\/p>\n\n\n<div class=\"wp-block-image\">\n<figure class=\"aligncenter size-large is-resized\"><a href=\"https:\/\/www.radiofiskars.fi\/wp-content\/uploads\/2026\/07\/Lahtinen2_juliste.jpg\"><img loading=\"lazy\" decoding=\"async\" width=\"719\" height=\"1024\" src=\"https:\/\/www.radiofiskars.fi\/wp-content\/uploads\/2026\/07\/Lahtinen2_juliste-719x1024.jpg\" alt=\"\" class=\"wp-image-11154\" style=\"aspect-ratio:0.702152696061466;width:281px;height:auto\" srcset=\"https:\/\/www.radiofiskars.fi\/wp-content\/uploads\/2026\/07\/Lahtinen2_juliste-719x1024.jpg 719w, https:\/\/www.radiofiskars.fi\/wp-content\/uploads\/2026\/07\/Lahtinen2_juliste-211x300.jpg 211w, https:\/\/www.radiofiskars.fi\/wp-content\/uploads\/2026\/07\/Lahtinen2_juliste-768x1094.jpg 768w, https:\/\/www.radiofiskars.fi\/wp-content\/uploads\/2026\/07\/Lahtinen2_juliste.jpg 934w\" sizes=\"auto, (max-width: 719px) 100vw, 719px\" \/><\/a><figcaption class=\"wp-element-caption\">Screenshot<\/figcaption><\/figure>\n<\/div>\n\n\n<p class=\"wp-block-paragraph\"><\/p>\n<div class=\"powerpress_player\" id=\"powerpress_player_6542\"><audio class=\"wp-audio-shortcode\" id=\"audio-11174-1\" preload=\"none\" style=\"width: 100%;\" controls=\"controls\"><source type=\"audio\/mpeg\" src=\"https:\/\/www.radiofiskars.fi\/wp-content\/uploads\/2026\/09\/MikkoLahtinen.mp3?_=1\" \/><a href=\"https:\/\/www.radiofiskars.fi\/wp-content\/uploads\/2026\/09\/MikkoLahtinen.mp3\">https:\/\/www.radiofiskars.fi\/wp-content\/uploads\/2026\/09\/MikkoLahtinen.mp3<\/a><\/audio><\/div><p class=\"powerpress_links powerpress_links_mp3\" style=\"margin-bottom: 1px !important;\">Podcast: <a href=\"https:\/\/www.radiofiskars.fi\/wp-content\/uploads\/2026\/09\/MikkoLahtinen.mp3\" class=\"powerpress_link_pinw\" target=\"_blank\" title=\"Play in new window\" onclick=\"return powerpress_pinw('https:\/\/www.radiofiskars.fi\/wordpress\/?powerpress_pinw=11174-podcast');\" rel=\"nofollow\">Play in new window<\/a><\/p><!--powerpress_player-->","protected":false},"excerpt":{"rendered":"<p>Ajattelu on ilmaista! \u2013 Det kostar int\u2019 att t\u00e4nka! ker\u00e4si elokuun viimeisen\u00e4 perjantaina innostuneen yleis\u00f6n kuuntelemaan, kun yliopistolehtori, filosofi ja politiikan tutkija Mikko Lahtinen&nbsp;johdatti ajattelun ytimeen: mitk\u00e4 ovat ajattelun rajat, haasteet ja mahdollisuudet.&nbsp;&nbsp; Illan l\u00e4ht\u00f6kohtana on, ett\u00e4 jokainen ihminen on ajattelija. Se ei kuitenkaan merkitse, ett\u00e4 olisimme itsen\u00e4isi\u00e4 ja omaper\u00e4isi\u00e4 tai kriittisi\u00e4 omassa ajattelussamme. T\u00e4m\u00e4 &hellip; <a href=\"https:\/\/www.radiofiskars.fi\/wordpress\/2026\/09\/filosofi-mikko-lahtinen-itsenaisen-ajattelun-rajat-ja-mahdollisuudet\/\" class=\"more-link\">Jatka lukemista <span class=\"screen-reader-text\">Filosofi MIKKO LAHTINEN \u2013 Itsen\u00e4isen ajattelun rajat ja mahdollisuudet<\/span> <span class=\"meta-nav\">&rarr;<\/span><\/a><\/p>\n","protected":false},"author":2,"featured_media":0,"comment_status":"closed","ping_status":"closed","sticky":true,"template":"","format":"standard","meta":{"footnotes":""},"categories":[2],"tags":[230,1699],"class_list":["post-11174","post","type-post","status-publish","format-standard","hentry","category-ajattelu-on-ilmaista","tag-ajattelu-on-ilmaista","tag-mikko-lahtinen"],"_links":{"self":[{"href":"https:\/\/www.radiofiskars.fi\/wordpress\/wp-json\/wp\/v2\/posts\/11174","targetHints":{"allow":["GET"]}}],"collection":[{"href":"https:\/\/www.radiofiskars.fi\/wordpress\/wp-json\/wp\/v2\/posts"}],"about":[{"href":"https:\/\/www.radiofiskars.fi\/wordpress\/wp-json\/wp\/v2\/types\/post"}],"author":[{"embeddable":true,"href":"https:\/\/www.radiofiskars.fi\/wordpress\/wp-json\/wp\/v2\/users\/2"}],"replies":[{"embeddable":true,"href":"https:\/\/www.radiofiskars.fi\/wordpress\/wp-json\/wp\/v2\/comments?post=11174"}],"version-history":[{"count":9,"href":"https:\/\/www.radiofiskars.fi\/wordpress\/wp-json\/wp\/v2\/posts\/11174\/revisions"}],"predecessor-version":[{"id":11229,"href":"https:\/\/www.radiofiskars.fi\/wordpress\/wp-json\/wp\/v2\/posts\/11174\/revisions\/11229"}],"wp:attachment":[{"href":"https:\/\/www.radiofiskars.fi\/wordpress\/wp-json\/wp\/v2\/media?parent=11174"}],"wp:term":[{"taxonomy":"category","embeddable":true,"href":"https:\/\/www.radiofiskars.fi\/wordpress\/wp-json\/wp\/v2\/categories?post=11174"},{"taxonomy":"post_tag","embeddable":true,"href":"https:\/\/www.radiofiskars.fi\/wordpress\/wp-json\/wp\/v2\/tags?post=11174"}],"curies":[{"name":"wp","href":"https:\/\/api.w.org\/{rel}","templated":true}]}}