{"id":1594,"date":"2013-07-27T22:04:58","date_gmt":"2013-07-27T19:04:58","guid":{"rendered":"http:\/\/www.radiofiskars.fi\/arkisto\/?p=1594"},"modified":"2013-07-27T22:04:58","modified_gmt":"2013-07-27T19:04:58","slug":"ohjelmaluuppi-27-7-2013-alkaen","status":"publish","type":"post","link":"https:\/\/www.radiofiskars.fi\/wordpress\/2013\/07\/ohjelmaluuppi-27-7-2013-alkaen\/","title":{"rendered":"Ohjelmaluuppi 27.7.2013 alkaen"},"content":{"rendered":"<p><span style=\"font-family: Arial, sans-serif;\"><span style=\"font-size: medium;\">Ohjelmaluuppi 27.7.2013 alkaen, ajat summittaisia<\/span><\/span><\/p>\n<p><span style=\"font-family: Arial, sans-serif;\"><span style=\"font-size: medium;\">Musiikkivalinnat Rasmus Pailos<\/span><\/span><\/p>\n<p><span style=\"font-family: Arial, sans-serif;\"><span style=\"font-size: medium;\">suora linkki\u00a0<\/span><\/span><a href=\"http:\/\/www.radiofiskars.fi\/\" target=\"_blank\">http:\/\/www.<wbr \/>radiofiskars.fi\/<\/a><br \/>\n<span style=\"font-family: Arial, sans-serif; font-size: medium;\">klo 08.00 L\u00e4hetys alkaa<\/span><\/p>\n<p><span style=\"font-family: Arial, sans-serif;\"><span style=\"font-size: medium;\"><span style=\"color: #222222;\">klo 08.01 K\u00e4ytettyjen kirjojen myyntipaikkaa Fiskarsin torilla pit\u00e4v\u00e4\u00a0<b>Oiva Gillst\u00e9n<\/b>\u00a0kertoo kirjoista sek\u00e4 menneest\u00e4 ja nykyisest\u00e4 Fiskarsista, osat 1 ja 2<\/span><\/span><\/span><\/p>\n<p>&nbsp;<\/p>\n<p><span style=\"font-family: Arial, sans-serif;\"><span style=\"font-size: medium;\">klo 08.37 Tasmanialaistunut keraamikko\u00a0<span style=\"color: #222222;\"><b>Nanna Bayer<\/b>\u00a0kertoo mink\u00e4laista on vied\u00e4 koko omaisuutensa maapallon toiselle puolelle. H\u00e4n kuvailee my\u00f6s asuinpaikkansa arkea, osat 1 ja 2<\/span><\/span><\/span><\/p>\n<p><span style=\"color: #500050;\"><span style=\"font-family: Arial, sans-serif;\"><span style=\"font-size: medium;\"><br \/>\nklo 09.12 Sarjassa<b>\u00a0&#8217;Kysy museolta&#8217;<\/b>\u00a0toimittaja Ella Hansen-Haug ja Fiskarsin museon opas Johanna Ekman selvitt\u00e4v\u00e4t Kivimuurin tykkien historiaa.<\/span><\/span><\/span><\/p>\n<p><span style=\"font-family: Arial, sans-serif;\"><span style=\"font-size: medium;\"><br \/>\nklo 09.18\u00a0<b>L\u00e4nsi-Uusimaan<\/b>\u00a0tapahtumatietoihin perustuvassa tapahtumakalenterissa kuullaan tulevan Faces-festivaalin valmisteluista. Lis\u00e4\u00e4 tapahtumatietoja linkiss\u00e4\u00a0<a href=\"http:\/\/www.lansi-uusimaa.fi\/\" target=\"_blank\">www.lansi-uusimaa.fi<\/a>\u00a0ja Facesist\u00e4\u00a0<a href=\"http:\/\/www.faces.fi\/\" target=\"_blank\">www.faces.fi<\/a><br \/>\n<\/span><\/span><span style=\"color: #222222;\"><span style=\"font-family: Arial, sans-serif;\"><span style=\"font-size: medium;\"><br \/>\n<\/span><\/span><\/span><\/p>\n<p><span style=\"color: #222222;\"><span style=\"font-family: Arial, sans-serif;\"><span style=\"font-size: medium;\">klo 09.27 Kuvataiteilija, arkkitehti\u00a0<\/span><\/span><\/span><span style=\"color: #500050;\"><span style=\"font-family: Arial, sans-serif;\"><span style=\"font-size: medium;\"><b>Ulla-Maija Alanen<\/b>\u00a0kertoo muun muassa taiteesta, Antskogista ja vanhuksista. \u00a0<\/span><\/span><\/span>Antskogin ty\u00f6v\u00e4entalolla oleva paikallisten taiteilijoiden n\u00e4yttely on avoinna 28.7.2013 asti p\u00e4ivitt\u00e4in kello 12-16<\/p>\n<p><span style=\"font-family: Arial, sans-serif;\"><span style=\"font-size: medium;\">klo 10.00 luuppi k\u00e4ynnistyy alusta&#8230;<\/span><\/span><\/p>\n<p><span style=\"font-family: Arial, sans-serif;\"><span style=\"font-size: medium;\"><br \/>\nMusiikissa:\u00a0<span style=\"color: #222222;\">Markku Lepist\u00f6: Aosta, J. Karjalainen: Meripihkahuone, Puppa J: Maailmankansalainen, John McGregor: Nime\u00e4si et tied\u00e4, Faarao Pirttikangas: Kaatopaikan Kuningas, Maria Gasolina: Tietan valo, Pekka Lehti ja Riitta Kossi: Eskolle\u00a0<\/span><\/span><\/span><\/p>\n","protected":false},"excerpt":{"rendered":"<p>Ohjelmaluuppi 27.7.2013 alkaen, ajat summittaisia Musiikkivalinnat Rasmus Pailos suora linkki\u00a0http:\/\/www.radiofiskars.fi\/ klo 08.00 L\u00e4hetys alkaa klo 08.01 K\u00e4ytettyjen kirjojen myyntipaikkaa Fiskarsin torilla pit\u00e4v\u00e4\u00a0Oiva Gillst\u00e9n\u00a0kertoo kirjoista sek\u00e4 menneest\u00e4 ja nykyisest\u00e4 Fiskarsista, osat 1 ja 2 &nbsp; klo 08.37 Tasmanialaistunut keraamikko\u00a0Nanna Bayer\u00a0kertoo mink\u00e4laista on vied\u00e4 koko omaisuutensa maapallon toiselle puolelle. H\u00e4n kuvailee my\u00f6s asuinpaikkansa arkea, osat 1 ja &hellip; <a href=\"https:\/\/www.radiofiskars.fi\/wordpress\/2013\/07\/ohjelmaluuppi-27-7-2013-alkaen\/\" class=\"more-link\">Jatka lukemista <span class=\"screen-reader-text\">Ohjelmaluuppi 27.7.2013 alkaen<\/span> <span class=\"meta-nav\">&rarr;<\/span><\/a><\/p>\n","protected":false},"author":2,"featured_media":0,"comment_status":"closed","ping_status":"open","sticky":false,"template":"","format":"standard","meta":{"footnotes":""},"categories":[8],"tags":[18,20,21,23],"class_list":["post-1594","post","type-post","status-publish","format-standard","hentry","category-ohjelma","tag-kysy-museolta","tag-nanna-bayer","tag-oiva-gillsten","tag-ulla-maija-alanen"],"_links":{"self":[{"href":"https:\/\/www.radiofiskars.fi\/wordpress\/wp-json\/wp\/v2\/posts\/1594","targetHints":{"allow":["GET"]}}],"collection":[{"href":"https:\/\/www.radiofiskars.fi\/wordpress\/wp-json\/wp\/v2\/posts"}],"about":[{"href":"https:\/\/www.radiofiskars.fi\/wordpress\/wp-json\/wp\/v2\/types\/post"}],"author":[{"embeddable":true,"href":"https:\/\/www.radiofiskars.fi\/wordpress\/wp-json\/wp\/v2\/users\/2"}],"replies":[{"embeddable":true,"href":"https:\/\/www.radiofiskars.fi\/wordpress\/wp-json\/wp\/v2\/comments?post=1594"}],"version-history":[{"count":0,"href":"https:\/\/www.radiofiskars.fi\/wordpress\/wp-json\/wp\/v2\/posts\/1594\/revisions"}],"wp:attachment":[{"href":"https:\/\/www.radiofiskars.fi\/wordpress\/wp-json\/wp\/v2\/media?parent=1594"}],"wp:term":[{"taxonomy":"category","embeddable":true,"href":"https:\/\/www.radiofiskars.fi\/wordpress\/wp-json\/wp\/v2\/categories?post=1594"},{"taxonomy":"post_tag","embeddable":true,"href":"https:\/\/www.radiofiskars.fi\/wordpress\/wp-json\/wp\/v2\/tags?post=1594"}],"curies":[{"name":"wp","href":"https:\/\/api.w.org\/{rel}","templated":true}]}}