{"id":1611,"date":"2013-08-07T19:29:55","date_gmt":"2013-08-07T16:29:55","guid":{"rendered":"http:\/\/www.radiofiskars.fi\/arkisto\/?p=1611"},"modified":"2013-08-07T19:29:55","modified_gmt":"2013-08-07T16:29:55","slug":"ohjelmaluuppi-08-08-2013-alkaen","status":"publish","type":"post","link":"https:\/\/www.radiofiskars.fi\/wordpress\/2013\/08\/ohjelmaluuppi-08-08-2013-alkaen\/","title":{"rendered":"Ohjelmaluuppi 08.08.2013 alkaen"},"content":{"rendered":"<p>T\u00e4m\u00e4nkertainen luuppi sis\u00e4lt\u00e4\u00e4 haastatteluja elokuun alussa Pohjan Gumn\u00e4siss\u00e4 j\u00e4rjestetylt\u00e4 Faces-festivaalilta. Haastattelijoina Ella Hansen-Haug, Suvi Heino sek\u00e4 Paavo Liesinen.<\/p>\n<p>Lis\u00e4ksi on katsaus L\u00e4nsi-Uusimaan tapahtumiin, joista lis\u00e4tietoja saa osoitteessa <a href=\"http:\/\/www.lansi-uusimaa.fi\">www.lansi-uusimaa.fi<\/a><\/p>\n<p>Sarja \u201dKysy Museolta\u201d jatkuu. Fiskars-aiheisia kysymyksi\u00e4 voi l\u00e4hett\u00e4\u00e4 osoitteella ella.hansen-haug@radiofiskars.fi<\/p>\n<p>Musiikin on valinnut Rasmus Pailos.<\/p>\n<p><b>suora linkki l\u00e4hetykseen:<\/b> <a href=\"http:\/\/radio.radiofiskars.fi\/\">http:\/\/radio.radiofiskars.fi\/<\/a><\/p>\n<p>&nbsp;<\/p>\n<p>klo <strong>08:00<\/strong> L\u00e4hetyksen alussa kuullaan Facesin yleis\u00f6n kommentteja; <b>Mia ja tyt\u00e4r<\/b> Tampereelta<\/p>\n<p>klo <strong>08:03<\/strong> <b>Maailmanrauhassa <\/b>juteltiin kiireett\u00f6m\u00e4sti ja sy\u00f6tiin lettuja<\/p>\n<p>klo <strong>08:07<\/strong> Presidentti<b> Tarja Halosen<\/b> puheenvuoro<\/p>\n<p>klo <strong>08:14<\/strong> Kahvila Makanassa <b>Antti Jyrkk\u00e4nen<\/b> kertoo hankkeesta, jolla autetaan etel\u00e4afrikkalaisen <b>Makanan<\/b> kouluty\u00f6t\u00e4<\/p>\n<p>klo <strong>08:23<\/strong> Katusoiton SM-kisoihin osallistuvan tytt\u00f6b\u00e4ndin <b>\u201dEi p\u00f6ll\u00f6mp\u00e4\u00e4\u201d<\/b> haastattelu sek\u00e4 kilpailun voittajan julistaminen<\/p>\n<p>klo <strong>08:35<\/strong> Muusikko <b>Dave Lindholm<\/b> Paavo Liesisen haastateltavana<\/p>\n<p>klo <strong>08:49<\/strong>\u00a0 Keskustelemassa kansanedustaja <b>Maarit Feldt-Ranta<\/b> ja Facesin <b>Holger Wickstr\u00f6m<\/b><br \/>\nklo <strong>08:59<\/strong> Festivaalijohtaja <b>B\u00f6rje Mattssonin<\/b> terveiset Nelson Mandelalle,<\/p>\n<p>klo <strong>09:05<\/strong> <b>Susannan ja Tiinan<\/b> festarifiiliksi\u00e4<\/p>\n<p>klo <strong>09:06<\/strong> <b>Jorkka Haapasaari<\/b> kuvailee Facesia j\u00e4rjestyksenvalvojan silmin<\/p>\n<p>klo<strong> 09:10<\/strong> Jo 12 vuotta Facesissa vaatekoju Fairyfactorya pit\u00e4neen <b>Elina Majander-Airan<\/b> kommentti<br \/>\nklo <strong>09:12<\/strong> Kulttuuri- ja urheiluministeri <b>Paavo Arhinm\u00e4en<\/b> puheenvuoro<br \/>\nklo <strong>09:16<\/strong> <b>B\u00f6rje Mattssonin<\/b> loppuhaastattelu<br \/>\nklo <strong>09:29<\/strong> Kysy Museolta sarjassa museon opas <b>Johanna Ekman<\/b> kertoo arkistostaklo<\/p>\n<p>klo<strong> 09:34<\/strong> L\u00e4nsi-Uusimaan tapahtumatietoihin perustuva menokalenteriklo<\/p>\n<p>klo <strong>09:41<\/strong> Fiskarsiin perustetun Hasselg\u00e5rdin viljelm\u00e4n puutarhurit <b>Anna Lassila ja Maija Toukolehto<\/b> kertovat kasviksista ja perjantaisista puutarhakahvilasta<\/p>\n<p>klo <strong>10:00<\/strong> ja parillisina tasatunteina luuppi k\u00e4ynnistyy alusta kello 00:00 asti<\/p>\n<p><b>Musiikissa:<\/b> Puppa J: Rauhantekij\u00e4, Power of Singing: Mafizolo, Dave Lindholm: Pieni ja hento ote, \u00a0Galaxy: L&#8217;Ins\u00e9curit\u00e9, Kauko R\u00f6yhk\u00e4: Min\u00e4 K\u00e4velen, Happy Faces: Faces, New Garden Orchestra: New Home Blues, The Slag Brick Project: Drum Song<\/p>\n","protected":false},"excerpt":{"rendered":"<p>T\u00e4m\u00e4nkertainen luuppi sis\u00e4lt\u00e4\u00e4 haastatteluja elokuun alussa Pohjan Gumn\u00e4siss\u00e4 j\u00e4rjestetylt\u00e4 Faces-festivaalilta. Haastattelijoina Ella Hansen-Haug, Suvi Heino sek\u00e4 Paavo Liesinen. Lis\u00e4ksi on katsaus L\u00e4nsi-Uusimaan tapahtumiin, joista lis\u00e4tietoja saa osoitteessa www.lansi-uusimaa.fi Sarja \u201dKysy Museolta\u201d jatkuu. Fiskars-aiheisia kysymyksi\u00e4 voi l\u00e4hett\u00e4\u00e4 osoitteella ella.hansen-haug@radiofiskars.fi Musiikin on valinnut Rasmus Pailos. suora linkki l\u00e4hetykseen: http:\/\/radio.radiofiskars.fi\/ &nbsp; klo 08:00 L\u00e4hetyksen alussa kuullaan Facesin yleis\u00f6n &hellip; <a href=\"https:\/\/www.radiofiskars.fi\/wordpress\/2013\/08\/ohjelmaluuppi-08-08-2013-alkaen\/\" class=\"more-link\">Jatka lukemista <span class=\"screen-reader-text\">Ohjelmaluuppi 08.08.2013 alkaen<\/span> <span class=\"meta-nav\">&rarr;<\/span><\/a><\/p>\n","protected":false},"author":2,"featured_media":0,"comment_status":"closed","ping_status":"open","sticky":false,"template":"","format":"standard","meta":{"footnotes":""},"categories":[8],"tags":[],"class_list":["post-1611","post","type-post","status-publish","format-standard","hentry","category-ohjelma"],"_links":{"self":[{"href":"https:\/\/www.radiofiskars.fi\/wordpress\/wp-json\/wp\/v2\/posts\/1611","targetHints":{"allow":["GET"]}}],"collection":[{"href":"https:\/\/www.radiofiskars.fi\/wordpress\/wp-json\/wp\/v2\/posts"}],"about":[{"href":"https:\/\/www.radiofiskars.fi\/wordpress\/wp-json\/wp\/v2\/types\/post"}],"author":[{"embeddable":true,"href":"https:\/\/www.radiofiskars.fi\/wordpress\/wp-json\/wp\/v2\/users\/2"}],"replies":[{"embeddable":true,"href":"https:\/\/www.radiofiskars.fi\/wordpress\/wp-json\/wp\/v2\/comments?post=1611"}],"version-history":[{"count":0,"href":"https:\/\/www.radiofiskars.fi\/wordpress\/wp-json\/wp\/v2\/posts\/1611\/revisions"}],"wp:attachment":[{"href":"https:\/\/www.radiofiskars.fi\/wordpress\/wp-json\/wp\/v2\/media?parent=1611"}],"wp:term":[{"taxonomy":"category","embeddable":true,"href":"https:\/\/www.radiofiskars.fi\/wordpress\/wp-json\/wp\/v2\/categories?post=1611"},{"taxonomy":"post_tag","embeddable":true,"href":"https:\/\/www.radiofiskars.fi\/wordpress\/wp-json\/wp\/v2\/tags?post=1611"}],"curies":[{"name":"wp","href":"https:\/\/api.w.org\/{rel}","templated":true}]}}