{"id":1663,"date":"2013-09-08T22:22:26","date_gmt":"2013-09-08T19:22:26","guid":{"rendered":"http:\/\/www.radiofiskars.fi\/arkisto\/?p=1663"},"modified":"2013-09-08T22:22:26","modified_gmt":"2013-09-08T19:22:26","slug":"ohjelmaluuppi-alkaen-9-9-2013","status":"publish","type":"post","link":"https:\/\/www.radiofiskars.fi\/wordpress\/2013\/09\/ohjelmaluuppi-alkaen-9-9-2013\/","title":{"rendered":"Ohjelmaluuppi alkaen 9.9.2013"},"content":{"rendered":"<p>Nelituntisen luupin alkuosa on taltioitu Lukaalilla keskiviikkona 4.9. j\u00e4rjestetyss\u00e4 keskustelutilaisuudessa, jossa pohdittiin muun muassa keinoja kehitt\u00e4\u00e4 asuinaluettamme paremmaksi paikaksi asua, tehd\u00e4 t\u00f6it\u00e4 ja vierailla. Tilaisuuden koollekutsujana toimi kiinteist\u00f6johtaja Patrick von Essen, ja puhetta johti Rauno Sairinen. Runsaan osallistujam\u00e4\u00e4r\u00e4n ker\u00e4nneess\u00e4 tilaisuudessa keskusteltiin muun muassa Fiskarin koulun tulevaisuudesta sek\u00e4 siit\u00e4 kuka on tervetullut asukas tai yritt\u00e4j\u00e4. My\u00f6s viestinn\u00e4n t\u00e4rkeys ja ilmapiiriin vaikuttaminen puhuttivat.<\/p>\n<p>Luupin viimeisell\u00e4 tunnilla k\u00e4ynnistyv\u00e4 fiskarslaisten haastatteluihin perustuva juttu liittyy tekeill\u00e4 olevaan kirjasarjaan. Haastattelujen aluksi Fiskarsissa syntynyt ja lapsuutensa sek\u00e4 nuoruutensa p\u00e4\u00e4asiassa S\u00e4\u00e4st\u00f6tiell\u00e4 asunut Maj-Britt M\u00e4kik\u00e4rki muistelee tapahtumia, tapoja ja persoonia vuosina 1945-1964.<\/p>\n<p>Musiikkivalinnat Rasmus Pailos<\/p>\n<p>suora linkki http:\/\/<b>www.radiofiskars.fi\/<\/b><\/p>\n<p><b>08.00<\/b> l\u00e4hetys alkaa, puheenjohtaja <b>Rauno Sairinen<\/b> kertoo tilaisuudesta<b><br \/>\n<\/b><\/p>\n<p><b>08.10<\/b> alkupuheenvuorot:<\/p>\n<p>Fiskarsin kiinteist\u00f6t: kiinteist\u00f6johtaja <b>Patrick von Essen<\/b><\/p>\n<p>Fiskarsin k\u00e4sity\u00f6l\u00e4isten, muotoilijoiden ja taiteilijoiden<\/p>\n<p>osuuskunta: <b>Elise Simonsson<\/b><\/p>\n<p>Fiskarsin ruukin kauppiaat ry: pj<b>. Nina Sir\u00e9n<\/b><\/p>\n<p>Fiskarsin Kyl\u00e4seura ry: pj <b>Kati Sointukangas<\/b><\/p>\n<p>Fiskarin koulu: rehtori <b>Katri Pailos <\/b><\/p>\n<p><b>08.59<\/b> keskustelua Fiskarin koulusta<\/p>\n<p><b>09.28<\/b> viestinn\u00e4n t\u00e4rkeydest\u00e4<\/p>\n<p><b>09.38<\/b> torin merkityksest\u00e4<\/p>\n<p><b>09.46<\/b> mink\u00e4laisessa ilmapiiriss\u00e4 el\u00e4mme<\/p>\n<p><b>10.07<\/b> kuka saa tulla ja yritt\u00e4\u00e4<\/p>\n<p><b>10.19<\/b> kulttuurimatkailusta<\/p>\n<p><b>10.28 <\/b>kehitysehdotuksia ja tilaisuuden p\u00e4\u00e4t\u00f6s<\/p>\n<p><b>10.53<\/b> <b>Tapahtumatiedoissa<\/b> Fiskars Nature-messujen esittely sek\u00e4<\/p>\n<p>katsaus tulevaan iltamaan.<\/p>\n<p><b>11.01<\/b> Fiskarsissa vuosina 1945-1965 asunut <b>Maj-Britt M\u00e4kik\u00e4rki<\/b> kertoo<\/p>\n<p>miten Fiskarsissa elettiin ennen.<br \/>\n<b>12.00<\/b> ohjelmaluuppi alkaa alusta aina nelj\u00e4n tunnin v\u00e4lein<\/p>\n<p><b>Musiikissa<\/b> Pohjan Puhallinorkesteri: Third Suite, John McGregor: Joki,<\/p>\n<p>Puppa J: Huolii, Westland Steelband: Linstead Market, Hootenanny Trio:<\/p>\n<p>Tatuoitu Nainen, Tuomari Nurmio: Rahamies, Atletico Kumpula: Kolme<\/p>\n<p>Variksensulkaa, Paarma: \u00c4l\u00e4 Luovuta, Astro Can Caravan: Ultra Man Leo, Asa:<\/p>\n<p>Sadonkorjuu, Alamaailman Vasarat: Natiivit, Steel Pan Lovers: Pieni<\/p>\n<p>Kansanlaulu, R. Pailos \u2013 R. Rubinstein: Syksy (instrumental), Jaakko<\/p>\n<p>Laitinen &amp; V\u00e4\u00e4r\u00e4 Raha: Lehti Tuulessa, Olli Kari: Metalmorphosis, Yona:<\/p>\n<p>Maantien laitaa<\/p>\n","protected":false},"excerpt":{"rendered":"<p>Nelituntisen luupin alkuosa on taltioitu Lukaalilla keskiviikkona 4.9. j\u00e4rjestetyss\u00e4 keskustelutilaisuudessa, jossa pohdittiin muun muassa keinoja kehitt\u00e4\u00e4 asuinaluettamme paremmaksi paikaksi asua, tehd\u00e4 t\u00f6it\u00e4 ja vierailla. Tilaisuuden koollekutsujana toimi kiinteist\u00f6johtaja Patrick von Essen, ja puhetta johti Rauno Sairinen. Runsaan osallistujam\u00e4\u00e4r\u00e4n ker\u00e4nneess\u00e4 tilaisuudessa keskusteltiin muun muassa Fiskarin koulun tulevaisuudesta sek\u00e4 siit\u00e4 kuka on tervetullut asukas tai yritt\u00e4j\u00e4. My\u00f6s &hellip; <a href=\"https:\/\/www.radiofiskars.fi\/wordpress\/2013\/09\/ohjelmaluuppi-alkaen-9-9-2013\/\" class=\"more-link\">Jatka lukemista <span class=\"screen-reader-text\">Ohjelmaluuppi alkaen 9.9.2013<\/span> <span class=\"meta-nav\">&rarr;<\/span><\/a><\/p>\n","protected":false},"author":2,"featured_media":0,"comment_status":"closed","ping_status":"open","sticky":false,"template":"","format":"standard","meta":{"footnotes":""},"categories":[8],"tags":[],"class_list":["post-1663","post","type-post","status-publish","format-standard","hentry","category-ohjelma"],"_links":{"self":[{"href":"https:\/\/www.radiofiskars.fi\/wordpress\/wp-json\/wp\/v2\/posts\/1663","targetHints":{"allow":["GET"]}}],"collection":[{"href":"https:\/\/www.radiofiskars.fi\/wordpress\/wp-json\/wp\/v2\/posts"}],"about":[{"href":"https:\/\/www.radiofiskars.fi\/wordpress\/wp-json\/wp\/v2\/types\/post"}],"author":[{"embeddable":true,"href":"https:\/\/www.radiofiskars.fi\/wordpress\/wp-json\/wp\/v2\/users\/2"}],"replies":[{"embeddable":true,"href":"https:\/\/www.radiofiskars.fi\/wordpress\/wp-json\/wp\/v2\/comments?post=1663"}],"version-history":[{"count":0,"href":"https:\/\/www.radiofiskars.fi\/wordpress\/wp-json\/wp\/v2\/posts\/1663\/revisions"}],"wp:attachment":[{"href":"https:\/\/www.radiofiskars.fi\/wordpress\/wp-json\/wp\/v2\/media?parent=1663"}],"wp:term":[{"taxonomy":"category","embeddable":true,"href":"https:\/\/www.radiofiskars.fi\/wordpress\/wp-json\/wp\/v2\/categories?post=1663"},{"taxonomy":"post_tag","embeddable":true,"href":"https:\/\/www.radiofiskars.fi\/wordpress\/wp-json\/wp\/v2\/tags?post=1663"}],"curies":[{"name":"wp","href":"https:\/\/api.w.org\/{rel}","templated":true}]}}