{"id":1704,"date":"2013-09-17T22:06:36","date_gmt":"2013-09-17T19:06:36","guid":{"rendered":"http:\/\/www.radiofiskars.fi\/arkisto\/?p=1704"},"modified":"2024-02-22T21:01:48","modified_gmt":"2024-02-22T19:01:48","slug":"lukaalin-keskusteluilta-fiskarsissa-4-9-2013","status":"publish","type":"post","link":"https:\/\/www.radiofiskars.fi\/wordpress\/2013\/09\/lukaalin-keskusteluilta-fiskarsissa-4-9-2013\/","title":{"rendered":"Lukaalin keskusteluilta Fiskarsissa 4.9.2013"},"content":{"rendered":"<p>Fiskarsin Lukaalilla keskiviikkona 4.9. j\u00e4rjestetyss\u00e4 keskustelutilaisuudessa pohdittiin keinoja kehitt\u00e4\u00e4 asuinaluetta paremmaksi. Tilaisuuden koollekutsujana toimi Fiskars-yhti\u00f6n kiinteist\u00f6johtaja Patrick von Essen ja puhetta johti Rauno Sairinen. Runsaan osallistujam\u00e4\u00e4r\u00e4n ker\u00e4nneess\u00e4 tilaisuudessa keskusteltiin muun muassa Fiskarin koulun tulevaisuudesta sek\u00e4 siit\u00e4, kuka on tervetullut asukas tai yritt\u00e4j\u00e4. My\u00f6s viestinn\u00e4n t\u00e4rkeys ja ilmapiiriin vaikuttaminen puhuttivat.<\/p>\n<div class=\"powerpress_player\" id=\"powerpress_player_793\"><audio class=\"wp-audio-shortcode\" id=\"audio-1704-1\" preload=\"none\" style=\"width: 100%;\" controls=\"controls\"><source type=\"audio\/mpeg\" src=\"https:\/\/www.radiofiskars.fi\/wp-content\/uploads\/2013\/09\/Lukaali-keskustelu2013-w.mp3?_=1\" \/><a href=\"https:\/\/www.radiofiskars.fi\/wp-content\/uploads\/2013\/09\/Lukaali-keskustelu2013-w.mp3\">https:\/\/www.radiofiskars.fi\/wp-content\/uploads\/2013\/09\/Lukaali-keskustelu2013-w.mp3<\/a><\/audio><\/div><p class=\"powerpress_links powerpress_links_mp3\" style=\"margin-bottom: 1px !important;\">Podcast: <a href=\"https:\/\/www.radiofiskars.fi\/wp-content\/uploads\/2013\/09\/Lukaali-keskustelu2013-w.mp3\" class=\"powerpress_link_pinw\" target=\"_blank\" title=\"Play in new window\" onclick=\"return powerpress_pinw('https:\/\/www.radiofiskars.fi\/wordpress\/?powerpress_pinw=1704-podcast');\" rel=\"nofollow\">Play in new window<\/a><\/p><!--powerpress_player-->","protected":false},"excerpt":{"rendered":"<p>Fiskarsin Lukaalilla keskiviikkona 4.9. j\u00e4rjestetyss\u00e4 keskustelutilaisuudessa pohdittiin keinoja kehitt\u00e4\u00e4 asuinaluetta paremmaksi. Tilaisuuden koollekutsujana toimi Fiskars-yhti\u00f6n kiinteist\u00f6johtaja Patrick von Essen ja puhetta johti Rauno Sairinen. Runsaan osallistujam\u00e4\u00e4r\u00e4n ker\u00e4nneess\u00e4 tilaisuudessa keskusteltiin muun muassa Fiskarin koulun tulevaisuudesta sek\u00e4 siit\u00e4, kuka on tervetullut asukas tai yritt\u00e4j\u00e4. My\u00f6s viestinn\u00e4n t\u00e4rkeys ja ilmapiiriin vaikuttaminen puhuttivat. https:\/\/www.radiofiskars.fi\/wp-content\/uploads\/2013\/09\/Lukaali-keskustelu2013-w.mp3Podcast: Play in new window<\/p>\n","protected":false},"author":2,"featured_media":0,"comment_status":"closed","ping_status":"open","sticky":false,"template":"","format":"standard","meta":{"footnotes":""},"categories":[9,15],"tags":[],"class_list":["post-1704","post","type-post","status-publish","format-standard","hentry","category-ruukinjyviajaakanoita","category-yleiset"],"_links":{"self":[{"href":"https:\/\/www.radiofiskars.fi\/wordpress\/wp-json\/wp\/v2\/posts\/1704","targetHints":{"allow":["GET"]}}],"collection":[{"href":"https:\/\/www.radiofiskars.fi\/wordpress\/wp-json\/wp\/v2\/posts"}],"about":[{"href":"https:\/\/www.radiofiskars.fi\/wordpress\/wp-json\/wp\/v2\/types\/post"}],"author":[{"embeddable":true,"href":"https:\/\/www.radiofiskars.fi\/wordpress\/wp-json\/wp\/v2\/users\/2"}],"replies":[{"embeddable":true,"href":"https:\/\/www.radiofiskars.fi\/wordpress\/wp-json\/wp\/v2\/comments?post=1704"}],"version-history":[{"count":1,"href":"https:\/\/www.radiofiskars.fi\/wordpress\/wp-json\/wp\/v2\/posts\/1704\/revisions"}],"predecessor-version":[{"id":8117,"href":"https:\/\/www.radiofiskars.fi\/wordpress\/wp-json\/wp\/v2\/posts\/1704\/revisions\/8117"}],"wp:attachment":[{"href":"https:\/\/www.radiofiskars.fi\/wordpress\/wp-json\/wp\/v2\/media?parent=1704"}],"wp:term":[{"taxonomy":"category","embeddable":true,"href":"https:\/\/www.radiofiskars.fi\/wordpress\/wp-json\/wp\/v2\/categories?post=1704"},{"taxonomy":"post_tag","embeddable":true,"href":"https:\/\/www.radiofiskars.fi\/wordpress\/wp-json\/wp\/v2\/tags?post=1704"}],"curies":[{"name":"wp","href":"https:\/\/api.w.org\/{rel}","templated":true}]}}