{"id":1801,"date":"2013-11-19T20:47:43","date_gmt":"2013-11-19T17:47:43","guid":{"rendered":"http:\/\/www.radiofiskars.fi\/arkisto\/?p=1801"},"modified":"2013-11-19T20:47:43","modified_gmt":"2013-11-19T17:47:43","slug":"luuppi-20-29-11-2013","status":"publish","type":"post","link":"https:\/\/www.radiofiskars.fi\/wordpress\/2013\/11\/luuppi-20-29-11-2013\/","title":{"rendered":"Luuppi 20.-29.11.2013"},"content":{"rendered":"<p>Pohjan kirkonkyl\u00e4n kautta Fiskarsiin muuttaneet <b>Paula Keskitalo ja Lauri Reenp\u00e4\u00e4<\/b> aloittavat radiofiskarsin t\u00e4m\u00e4nkertaisen luupin. Heid\u00e4n j\u00e4lkeens\u00e4 vieraillaan toimittaja <b>Simo Sulvan<\/b> mukana G\u00f6teborgissa tapaamassa entist\u00e4 fiskarsilaista <b>Juli Apposta<\/b>. Lis\u00e4ksi luupissa kuullaan kes\u00e4ll\u00e4 Makasiinissa vierailleen Black M\u00f6dernism -kokoonpanon <b>Tuomas Timosen<\/b> runoesitys, ja p\u00e4\u00e4tteeksi tulee uusintana kuvataiteilija <b>Eeva Airaksisen<\/b> haastattelu.<\/p>\n<p>Suora linkki ohjelmaan: <a href=\"http:\/\/www.radiofiskars.fi\">www.radiofiskars.fi<\/a><\/p>\n<p><b>klo 08.00<\/b> \u00a0Pohjan kirkonkyl\u00e4n kautta Fiskarsiin muuttaneet <span style=\"text-decoration: underline;\">Paula Keskitalo ja Lauri Reenp\u00e4\u00e4<\/span> l\u00f6ysiv\u00e4t Villiruusun aikana, jolloin maallemuutto ei viel\u00e4 ollut yleist\u00e4. Asukkaita kyl\u00e4ss\u00e4 oli\u00a0 nykyist\u00e4 v\u00e4hemm\u00e4n, mutta palvelutaso oli hyv\u00e4.\u00a0 Haastattelussa kerrotaan muun muassa Ruukkiasunto-projektista, n\u00e4yttelytoiminnan alkuvaiheista ja lopuksi saadaan kuulla muutama toivomus Fiskars-yhti\u00f6n suuntaan.<\/p>\n<p><b>klo 08.<\/b> 52\u00a0\u00a0 Simo Sulvan G\u00f6teborgissa tapaama entinen fiskarsilainen <span style=\"text-decoration: underline;\">Juli Apponen<\/span> kertoo matkastaan Fiskarsin kyl\u00e4saunaprojektista G\u00f6teborgin teatteriel\u00e4m\u00e4\u00e4n. Kuulemme my\u00f6s h\u00e4nen viimeisimm\u00e4st\u00e4 teatteriesityksest\u00e4\u00e4n, linkki traileriin <a href=\"http:\/\/vimeo.com\/m\/74617540\">http:\/\/vimeo.com\/m\/74617540<\/a> , identiteetin muutoksesta sek\u00e4 pohdintoja tekemisen ja olemisen merkityksellisyydest\u00e4. Lis\u00e4tietoa tanssiproduktiosta: <a href=\"http:\/\/atalante.org\/projects\/eva-ingemarsson-dansproduktion\/\" target=\"_blank\">http:\/\/atalante.org\/projects\/<wbr \/>eva-ingemarsson-<wbr \/>dansproduktion\/<\/a><\/p>\n<p><b>klo 09. 34 <\/b>Nuoren Voiman Liitto j\u00e4rjesti kes\u00e4ll\u00e4 Fiskarsissa kirjallista ohjelmaa\u00a0kun Black M\u00f6dernism \u2013kokoonpanon Tuomas Timonen, Eino Santanen ja Matti Kangaskoski esiintyiv\u00e4t Makasiinissa. Nyt vuorossa runoilija <span style=\"text-decoration: underline;\">Tuomas Timonen<\/span>.<\/p>\n<p><b>klo 09.45<\/b>\u00a0\u00a0 Kauniaisten mukavuudet taakseen j\u00e4tt\u00e4nyt <b><span style=\"text-decoration: underline;\">kuvataiteilija\u00a0Eeva Airaksinen\u00a0<\/span><\/b>kertoo muun muassa milt\u00e4 tuntuu syvenev\u00e4ss\u00e4 syksyss\u00e4 asua yksin isoa taloa.<\/p>\n<p><b>klo 10.00<\/b> ja parillisina tasatunteina keskiy\u00f6lle asti luuppi alkaa alusta<\/p>\n<p>&nbsp;<\/p>\n<p>Ohjelmien lomassa musiikkia.<\/p>\n","protected":false},"excerpt":{"rendered":"<p>Pohjan kirkonkyl\u00e4n kautta Fiskarsiin muuttaneet Paula Keskitalo ja Lauri Reenp\u00e4\u00e4 aloittavat radiofiskarsin t\u00e4m\u00e4nkertaisen luupin. Heid\u00e4n j\u00e4lkeens\u00e4 vieraillaan toimittaja Simo Sulvan mukana G\u00f6teborgissa tapaamassa entist\u00e4 fiskarsilaista Juli Apposta. Lis\u00e4ksi luupissa kuullaan kes\u00e4ll\u00e4 Makasiinissa vierailleen Black M\u00f6dernism -kokoonpanon Tuomas Timosen runoesitys, ja p\u00e4\u00e4tteeksi tulee uusintana kuvataiteilija Eeva Airaksisen haastattelu. Suora linkki ohjelmaan: www.radiofiskars.fi klo 08.00 \u00a0Pohjan kirkonkyl\u00e4n &hellip; <a href=\"https:\/\/www.radiofiskars.fi\/wordpress\/2013\/11\/luuppi-20-29-11-2013\/\" class=\"more-link\">Jatka lukemista <span class=\"screen-reader-text\">Luuppi 20.-29.11.2013<\/span> <span class=\"meta-nav\">&rarr;<\/span><\/a><\/p>\n","protected":false},"author":2,"featured_media":0,"comment_status":"closed","ping_status":"open","sticky":false,"template":"","format":"standard","meta":{"footnotes":""},"categories":[8],"tags":[],"class_list":["post-1801","post","type-post","status-publish","format-standard","hentry","category-ohjelma"],"_links":{"self":[{"href":"https:\/\/www.radiofiskars.fi\/wordpress\/wp-json\/wp\/v2\/posts\/1801","targetHints":{"allow":["GET"]}}],"collection":[{"href":"https:\/\/www.radiofiskars.fi\/wordpress\/wp-json\/wp\/v2\/posts"}],"about":[{"href":"https:\/\/www.radiofiskars.fi\/wordpress\/wp-json\/wp\/v2\/types\/post"}],"author":[{"embeddable":true,"href":"https:\/\/www.radiofiskars.fi\/wordpress\/wp-json\/wp\/v2\/users\/2"}],"replies":[{"embeddable":true,"href":"https:\/\/www.radiofiskars.fi\/wordpress\/wp-json\/wp\/v2\/comments?post=1801"}],"version-history":[{"count":0,"href":"https:\/\/www.radiofiskars.fi\/wordpress\/wp-json\/wp\/v2\/posts\/1801\/revisions"}],"wp:attachment":[{"href":"https:\/\/www.radiofiskars.fi\/wordpress\/wp-json\/wp\/v2\/media?parent=1801"}],"wp:term":[{"taxonomy":"category","embeddable":true,"href":"https:\/\/www.radiofiskars.fi\/wordpress\/wp-json\/wp\/v2\/categories?post=1801"},{"taxonomy":"post_tag","embeddable":true,"href":"https:\/\/www.radiofiskars.fi\/wordpress\/wp-json\/wp\/v2\/tags?post=1801"}],"curies":[{"name":"wp","href":"https:\/\/api.w.org\/{rel}","templated":true}]}}