{"id":1827,"date":"2013-11-19T21:47:02","date_gmt":"2013-11-19T18:47:02","guid":{"rendered":"http:\/\/www.radiofiskars.fi\/arkisto\/?p=1827"},"modified":"2020-10-18T19:23:02","modified_gmt":"2020-10-18T16:23:02","slug":"haastateltavina-paula-keskitalo-ja-lauri-reenpaa","status":"publish","type":"post","link":"https:\/\/www.radiofiskars.fi\/wordpress\/2013\/11\/haastateltavina-paula-keskitalo-ja-lauri-reenpaa\/","title":{"rendered":"Haastateltavina Paula Keskitalo ja Lauri Reenp\u00e4\u00e4"},"content":{"rendered":"<p>Pohjan kirkonkyl\u00e4n kautta Fiskarsiin muuttaneet <span style=\"text-decoration: underline;\">Paula Keskitalo ja Lauri Reenp\u00e4\u00e4<\/span> l\u00f6ysiv\u00e4t Villiruusun aikana, jolloin maallemuutto ei viel\u00e4 ollut yleist\u00e4. Asukkaita kyl\u00e4ss\u00e4 oli\u00a0 nykyist\u00e4 v\u00e4hemm\u00e4n, mutta palvelutaso oli hyv\u00e4.\u00a0 Haastattelussa kerrotaan muun muassa Ruukkiasunto-projektista, n\u00e4yttelytoiminnan alkuvaiheista ja lopuksi saadaan kuulla muutama toivomus Fiskars-yhti\u00f6n suuntaan. Mukana Suvi Heino<\/p>\n<div class=\"powerpress_player\" id=\"powerpress_player_7628\"><audio class=\"wp-audio-shortcode\" id=\"audio-1827-1\" preload=\"none\" style=\"width: 100%;\" controls=\"controls\"><source type=\"audio\/mpeg\" src=\"http:\/\/www.radiofiskars.fi\/wordpress\/wp-content\/uploads\/2020\/10\/Paula-Lauri-2014-2020-koko.mp3?_=1\" \/><a href=\"http:\/\/www.radiofiskars.fi\/wordpress\/wp-content\/uploads\/2020\/10\/Paula-Lauri-2014-2020-koko.mp3\">http:\/\/www.radiofiskars.fi\/wordpress\/wp-content\/uploads\/2020\/10\/Paula-Lauri-2014-2020-koko.mp3<\/a><\/audio><\/div><p class=\"powerpress_links powerpress_links_mp3\" style=\"margin-bottom: 1px !important;\">Podcast: <a href=\"http:\/\/www.radiofiskars.fi\/wordpress\/wp-content\/uploads\/2020\/10\/Paula-Lauri-2014-2020-koko.mp3\" class=\"powerpress_link_pinw\" target=\"_blank\" title=\"Play in new window\" onclick=\"return powerpress_pinw('https:\/\/www.radiofiskars.fi\/wordpress\/?powerpress_pinw=1827-podcast');\" rel=\"nofollow\">Play in new window<\/a><\/p><!--powerpress_player-->","protected":false},"excerpt":{"rendered":"<p>Pohjan kirkonkyl\u00e4n kautta Fiskarsiin muuttaneet Paula Keskitalo ja Lauri Reenp\u00e4\u00e4 l\u00f6ysiv\u00e4t Villiruusun aikana, jolloin maallemuutto ei viel\u00e4 ollut yleist\u00e4. Asukkaita kyl\u00e4ss\u00e4 oli\u00a0 nykyist\u00e4 v\u00e4hemm\u00e4n, mutta palvelutaso oli hyv\u00e4.\u00a0 Haastattelussa kerrotaan muun muassa Ruukkiasunto-projektista, n\u00e4yttelytoiminnan alkuvaiheista ja lopuksi saadaan kuulla muutama toivomus Fiskars-yhti\u00f6n suuntaan. Mukana Suvi Heino https:\/\/www.radiofiskars.fi\/wordpress\/wp-content\/uploads\/2020\/10\/Paula-Lauri-2014-2020-koko.mp3Podcast: Play in new window<\/p>\n","protected":false},"author":2,"featured_media":0,"comment_status":"closed","ping_status":"open","sticky":false,"template":"","format":"standard","meta":{"footnotes":""},"categories":[4],"tags":[],"class_list":["post-1827","post","type-post","status-publish","format-standard","hentry","category-fiskarsin-lahihistoria"],"_links":{"self":[{"href":"https:\/\/www.radiofiskars.fi\/wordpress\/wp-json\/wp\/v2\/posts\/1827","targetHints":{"allow":["GET"]}}],"collection":[{"href":"https:\/\/www.radiofiskars.fi\/wordpress\/wp-json\/wp\/v2\/posts"}],"about":[{"href":"https:\/\/www.radiofiskars.fi\/wordpress\/wp-json\/wp\/v2\/types\/post"}],"author":[{"embeddable":true,"href":"https:\/\/www.radiofiskars.fi\/wordpress\/wp-json\/wp\/v2\/users\/2"}],"replies":[{"embeddable":true,"href":"https:\/\/www.radiofiskars.fi\/wordpress\/wp-json\/wp\/v2\/comments?post=1827"}],"version-history":[{"count":1,"href":"https:\/\/www.radiofiskars.fi\/wordpress\/wp-json\/wp\/v2\/posts\/1827\/revisions"}],"predecessor-version":[{"id":5681,"href":"https:\/\/www.radiofiskars.fi\/wordpress\/wp-json\/wp\/v2\/posts\/1827\/revisions\/5681"}],"wp:attachment":[{"href":"https:\/\/www.radiofiskars.fi\/wordpress\/wp-json\/wp\/v2\/media?parent=1827"}],"wp:term":[{"taxonomy":"category","embeddable":true,"href":"https:\/\/www.radiofiskars.fi\/wordpress\/wp-json\/wp\/v2\/categories?post=1827"},{"taxonomy":"post_tag","embeddable":true,"href":"https:\/\/www.radiofiskars.fi\/wordpress\/wp-json\/wp\/v2\/tags?post=1827"}],"curies":[{"name":"wp","href":"https:\/\/api.w.org\/{rel}","templated":true}]}}