{"id":2328,"date":"2014-03-19T18:49:59","date_gmt":"2014-03-19T18:49:59","guid":{"rendered":"http:\/\/www.radiofiskars.fi\/?p=2328"},"modified":"2024-01-22T17:22:48","modified_gmt":"2024-01-22T15:22:48","slug":"harri-ja-ilkka-virolainen-keskustelevat-yliluonnollisista-ilmioista","status":"publish","type":"post","link":"https:\/\/www.radiofiskars.fi\/wordpress\/2014\/03\/harri-ja-ilkka-virolainen-keskustelevat-yliluonnollisista-ilmioista\/","title":{"rendered":"Harri ja Ilkka Virolainen keskustelevat yliluonnollisista ilmi\u00f6ist\u00e4"},"content":{"rendered":"<p>Yliluonnollisten ilmi\u00f6iden ensyklopedian kirjoittajat, <strong>Harri <\/strong>ja<strong> Ilkka<\/strong><br \/>\n<strong>Virolainen<\/strong> kertovat ja keskustelevat Ajattelu-illassa ravintola Kuparipajassa ilmi\u00f6ist\u00e4, jotka toisille ovat yliluonnollisia, toisille luonnollisia.<\/p>\n<p>Mist\u00e4 aloittaa, jos haluaa oppia vaikka levitoimaan, mikseiv\u00e4t kaukokatsojat l\u00f6yd\u00e4 kateissa olevaa lentokonetta? Mit\u00e4 tapahtuu kehosta irtautumisessa? Pit\u00e4\u00e4k\u00f6 t\u00e4h\u00e4n uskoa? Mit\u00e4 me olemme&#8230;<\/p>\n<div class=\"powerpress_player\" id=\"powerpress_player_4341\"><audio class=\"wp-audio-shortcode\" id=\"audio-2328-1\" preload=\"none\" style=\"width: 100%;\" controls=\"controls\"><source type=\"audio\/mpeg\" src=\"https:\/\/www.radiofiskars.fi\/wp-content\/uploads\/2024\/01\/Ajattelu-on-yliluonnollista-kokonaan.mp3?_=1\" \/><a href=\"https:\/\/www.radiofiskars.fi\/wp-content\/uploads\/2024\/01\/Ajattelu-on-yliluonnollista-kokonaan.mp3\">https:\/\/www.radiofiskars.fi\/wp-content\/uploads\/2024\/01\/Ajattelu-on-yliluonnollista-kokonaan.mp3<\/a><\/audio><\/div><p class=\"powerpress_links powerpress_links_mp3\" style=\"margin-bottom: 1px !important;\">Podcast: <a href=\"https:\/\/www.radiofiskars.fi\/wp-content\/uploads\/2024\/01\/Ajattelu-on-yliluonnollista-kokonaan.mp3\" class=\"powerpress_link_pinw\" target=\"_blank\" title=\"Play in new window\" onclick=\"return powerpress_pinw('https:\/\/www.radiofiskars.fi\/wordpress\/?powerpress_pinw=2328-podcast');\" rel=\"nofollow\">Play in new window<\/a><\/p><!--powerpress_player-->","protected":false},"excerpt":{"rendered":"<p>Yliluonnollisten ilmi\u00f6iden ensyklopedian kirjoittajat, Harri ja Ilkka Virolainen kertovat ja keskustelevat Ajattelu-illassa ravintola Kuparipajassa ilmi\u00f6ist\u00e4, jotka toisille ovat yliluonnollisia, toisille luonnollisia. Mist\u00e4 aloittaa, jos haluaa oppia vaikka levitoimaan, mikseiv\u00e4t kaukokatsojat l\u00f6yd\u00e4 kateissa olevaa lentokonetta? Mit\u00e4 tapahtuu kehosta irtautumisessa? Pit\u00e4\u00e4k\u00f6 t\u00e4h\u00e4n uskoa? Mit\u00e4 me olemme&#8230; https:\/\/www.radiofiskars.fi\/wp-content\/uploads\/2024\/01\/Ajattelu-on-yliluonnollista-kokonaan.mp3Podcast: Play in new window<\/p>\n","protected":false},"author":2,"featured_media":0,"comment_status":"open","ping_status":"open","sticky":false,"template":"","format":"standard","meta":{"footnotes":""},"categories":[2],"tags":[1194,1195,1196],"class_list":["post-2328","post","type-post","status-publish","format-standard","hentry","category-ajattelu-on-ilmaista","tag-harri-virolainen","tag-ilkka-virolainen","tag-yliluonnollisuus"],"_links":{"self":[{"href":"https:\/\/www.radiofiskars.fi\/wordpress\/wp-json\/wp\/v2\/posts\/2328","targetHints":{"allow":["GET"]}}],"collection":[{"href":"https:\/\/www.radiofiskars.fi\/wordpress\/wp-json\/wp\/v2\/posts"}],"about":[{"href":"https:\/\/www.radiofiskars.fi\/wordpress\/wp-json\/wp\/v2\/types\/post"}],"author":[{"embeddable":true,"href":"https:\/\/www.radiofiskars.fi\/wordpress\/wp-json\/wp\/v2\/users\/2"}],"replies":[{"embeddable":true,"href":"https:\/\/www.radiofiskars.fi\/wordpress\/wp-json\/wp\/v2\/comments?post=2328"}],"version-history":[{"count":2,"href":"https:\/\/www.radiofiskars.fi\/wordpress\/wp-json\/wp\/v2\/posts\/2328\/revisions"}],"predecessor-version":[{"id":7979,"href":"https:\/\/www.radiofiskars.fi\/wordpress\/wp-json\/wp\/v2\/posts\/2328\/revisions\/7979"}],"wp:attachment":[{"href":"https:\/\/www.radiofiskars.fi\/wordpress\/wp-json\/wp\/v2\/media?parent=2328"}],"wp:term":[{"taxonomy":"category","embeddable":true,"href":"https:\/\/www.radiofiskars.fi\/wordpress\/wp-json\/wp\/v2\/categories?post=2328"},{"taxonomy":"post_tag","embeddable":true,"href":"https:\/\/www.radiofiskars.fi\/wordpress\/wp-json\/wp\/v2\/tags?post=2328"}],"curies":[{"name":"wp","href":"https:\/\/api.w.org\/{rel}","templated":true}]}}