{"id":2550,"date":"2014-07-07T10:33:34","date_gmt":"2014-07-07T07:33:34","guid":{"rendered":"http:\/\/www.radiofiskars.fi\/?p=2550"},"modified":"2024-03-16T16:52:38","modified_gmt":"2024-03-16T14:52:38","slug":"esittelyssa-delitukku-laundry-seka-torikahvila","status":"publish","type":"post","link":"https:\/\/www.radiofiskars.fi\/wordpress\/2014\/07\/esittelyssa-delitukku-laundry-seka-torikahvila\/","title":{"rendered":"Esittelyss\u00e4 Delitukku, Laundry sek\u00e4 Torikahvila"},"content":{"rendered":"<p>Radiofiskars k\u00e4vi tutustumassa\u00a0 <strong>Pia Niemisen, Katarina Reuterin <\/strong>ja<strong> Suvi Heinon<\/strong> kanssa Pohjan uudistettuihin liiketiloihin. Tutustumiskohteina olivat Pohjan kyl\u00e4keskukseen avattu <strong><em>Delitukku, Fiskarsin Pesutupa <\/em><\/strong>eli<strong><em> Laundry <\/em><\/strong>sek\u00e4<strong><em> Torikahvila<\/em><\/strong>.<\/p>\n<div class=\"powerpress_player\" id=\"powerpress_player_2215\"><audio class=\"wp-audio-shortcode\" id=\"audio-2550-1\" preload=\"none\" style=\"width: 100%;\" controls=\"controls\"><source type=\"audio\/mpeg\" src=\"https:\/\/www.radiofiskars.fi\/wp-content\/uploads\/2024\/03\/Delitukku-Laundry-ja-Torikahvila-7.7.2014.mp3?_=1\" \/><a href=\"https:\/\/www.radiofiskars.fi\/wp-content\/uploads\/2024\/03\/Delitukku-Laundry-ja-Torikahvila-7.7.2014.mp3\">https:\/\/www.radiofiskars.fi\/wp-content\/uploads\/2024\/03\/Delitukku-Laundry-ja-Torikahvila-7.7.2014.mp3<\/a><\/audio><\/div><p class=\"powerpress_links powerpress_links_mp3\" style=\"margin-bottom: 1px !important;\">Podcast: <a href=\"https:\/\/www.radiofiskars.fi\/wp-content\/uploads\/2024\/03\/Delitukku-Laundry-ja-Torikahvila-7.7.2014.mp3\" class=\"powerpress_link_pinw\" target=\"_blank\" title=\"Play in new window\" onclick=\"return powerpress_pinw('https:\/\/www.radiofiskars.fi\/wordpress\/?powerpress_pinw=2550-podcast');\" rel=\"nofollow\">Play in new window<\/a><\/p><!--powerpress_player-->","protected":false},"excerpt":{"rendered":"<p>Radiofiskars k\u00e4vi tutustumassa\u00a0 Pia Niemisen, Katarina Reuterin ja Suvi Heinon kanssa Pohjan uudistettuihin liiketiloihin. Tutustumiskohteina olivat Pohjan kyl\u00e4keskukseen avattu Delitukku, Fiskarsin Pesutupa eli Laundry sek\u00e4 Torikahvila. https:\/\/www.radiofiskars.fi\/wp-content\/uploads\/2024\/03\/Delitukku-Laundry-ja-Torikahvila-7.7.2014.mp3Podcast: Play in new window<\/p>\n","protected":false},"author":2,"featured_media":0,"comment_status":"open","ping_status":"open","sticky":false,"template":"","format":"standard","meta":{"footnotes":""},"categories":[9],"tags":[45,1271,46,47,1270,191,48],"class_list":["post-2550","post","type-post","status-publish","format-standard","hentry","category-ruukinjyviajaakanoita","tag-delitukku","tag-katarina-reuter","tag-laundry","tag-pesutupa","tag-pia-nieminen","tag-suvi-heino","tag-torikahvila"],"_links":{"self":[{"href":"https:\/\/www.radiofiskars.fi\/wordpress\/wp-json\/wp\/v2\/posts\/2550","targetHints":{"allow":["GET"]}}],"collection":[{"href":"https:\/\/www.radiofiskars.fi\/wordpress\/wp-json\/wp\/v2\/posts"}],"about":[{"href":"https:\/\/www.radiofiskars.fi\/wordpress\/wp-json\/wp\/v2\/types\/post"}],"author":[{"embeddable":true,"href":"https:\/\/www.radiofiskars.fi\/wordpress\/wp-json\/wp\/v2\/users\/2"}],"replies":[{"embeddable":true,"href":"https:\/\/www.radiofiskars.fi\/wordpress\/wp-json\/wp\/v2\/comments?post=2550"}],"version-history":[{"count":4,"href":"https:\/\/www.radiofiskars.fi\/wordpress\/wp-json\/wp\/v2\/posts\/2550\/revisions"}],"predecessor-version":[{"id":8300,"href":"https:\/\/www.radiofiskars.fi\/wordpress\/wp-json\/wp\/v2\/posts\/2550\/revisions\/8300"}],"wp:attachment":[{"href":"https:\/\/www.radiofiskars.fi\/wordpress\/wp-json\/wp\/v2\/media?parent=2550"}],"wp:term":[{"taxonomy":"category","embeddable":true,"href":"https:\/\/www.radiofiskars.fi\/wordpress\/wp-json\/wp\/v2\/categories?post=2550"},{"taxonomy":"post_tag","embeddable":true,"href":"https:\/\/www.radiofiskars.fi\/wordpress\/wp-json\/wp\/v2\/tags?post=2550"}],"curies":[{"name":"wp","href":"https:\/\/api.w.org\/{rel}","templated":true}]}}