{"id":2572,"date":"2014-07-29T23:46:46","date_gmt":"2014-07-29T20:46:46","guid":{"rendered":"http:\/\/www.radiofiskars.fi\/?p=2572"},"modified":"2024-03-16T12:02:34","modified_gmt":"2024-03-16T10:02:34","slug":"haastateltavana-festivaalijohtaja-borje-mattsson","status":"publish","type":"post","link":"https:\/\/www.radiofiskars.fi\/wordpress\/2014\/07\/haastateltavana-festivaalijohtaja-borje-mattsson\/","title":{"rendered":"Haastateltavana festivaalijohtaja B\u00f6rje Mattsson"},"content":{"rendered":"<p>Kuudentoista Facesin j\u00e4lkeen en\u00e4\u00e4 yksi on j\u00e4ljell\u00e4. Elokuun 9.-10. Raaseporin linnanraunioilla kokoontuu Faces-juhlayleis\u00f6 viimeist\u00e4 kertaa monikulttuurisuuden ymp\u00e4rille, teemana on The Last Waltz. Festivaalijohtaja <strong>B\u00f6rje Mattsson<\/strong> pohtii seuraavassa muun muassa monikulttuurisuuden muutosta 90-luvun lopulta t\u00e4h\u00e4n p\u00e4iv\u00e4\u00e4n. Haastattelijana Suvi Heino.<\/p>\n<div class=\"powerpress_player\" id=\"powerpress_player_1844\"><audio class=\"wp-audio-shortcode\" id=\"audio-2572-1\" preload=\"none\" style=\"width: 100%;\" controls=\"controls\"><source type=\"audio\/mpeg\" src=\"https:\/\/www.radiofiskars.fi\/wp-content\/uploads\/2024\/03\/Haastateltavana-festivaalijohtaja-Borje-Mattsson-29.7.2014-.mp3?_=1\" \/><a href=\"https:\/\/www.radiofiskars.fi\/wp-content\/uploads\/2024\/03\/Haastateltavana-festivaalijohtaja-Borje-Mattsson-29.7.2014-.mp3\">https:\/\/www.radiofiskars.fi\/wp-content\/uploads\/2024\/03\/Haastateltavana-festivaalijohtaja-Borje-Mattsson-29.7.2014-.mp3<\/a><\/audio><\/div><p class=\"powerpress_links powerpress_links_mp3\" style=\"margin-bottom: 1px !important;\">Podcast: <a href=\"https:\/\/www.radiofiskars.fi\/wp-content\/uploads\/2024\/03\/Haastateltavana-festivaalijohtaja-Borje-Mattsson-29.7.2014-.mp3\" class=\"powerpress_link_pinw\" target=\"_blank\" title=\"Play in new window\" onclick=\"return powerpress_pinw('https:\/\/www.radiofiskars.fi\/wordpress\/?powerpress_pinw=2572-podcast');\" rel=\"nofollow\">Play in new window<\/a><\/p><!--powerpress_player-->","protected":false},"excerpt":{"rendered":"<p>Kuudentoista Facesin j\u00e4lkeen en\u00e4\u00e4 yksi on j\u00e4ljell\u00e4. Elokuun 9.-10. Raaseporin linnanraunioilla kokoontuu Faces-juhlayleis\u00f6 viimeist\u00e4 kertaa monikulttuurisuuden ymp\u00e4rille, teemana on The Last Waltz. Festivaalijohtaja B\u00f6rje Mattsson pohtii seuraavassa muun muassa monikulttuurisuuden muutosta 90-luvun lopulta t\u00e4h\u00e4n p\u00e4iv\u00e4\u00e4n. Haastattelijana Suvi Heino. https:\/\/www.radiofiskars.fi\/wp-content\/uploads\/2024\/03\/Haastateltavana-festivaalijohtaja-Borje-Mattsson-29.7.2014-.mp3Podcast: Play in new window<\/p>\n","protected":false},"author":2,"featured_media":0,"comment_status":"open","ping_status":"open","sticky":false,"template":"","format":"standard","meta":{"footnotes":""},"categories":[5],"tags":[253,1245],"class_list":["post-2572","post","type-post","status-publish","format-standard","hentry","category-haastattelut","tag-borje-mattsson","tag-faces-2014"],"_links":{"self":[{"href":"https:\/\/www.radiofiskars.fi\/wordpress\/wp-json\/wp\/v2\/posts\/2572","targetHints":{"allow":["GET"]}}],"collection":[{"href":"https:\/\/www.radiofiskars.fi\/wordpress\/wp-json\/wp\/v2\/posts"}],"about":[{"href":"https:\/\/www.radiofiskars.fi\/wordpress\/wp-json\/wp\/v2\/types\/post"}],"author":[{"embeddable":true,"href":"https:\/\/www.radiofiskars.fi\/wordpress\/wp-json\/wp\/v2\/users\/2"}],"replies":[{"embeddable":true,"href":"https:\/\/www.radiofiskars.fi\/wordpress\/wp-json\/wp\/v2\/comments?post=2572"}],"version-history":[{"count":2,"href":"https:\/\/www.radiofiskars.fi\/wordpress\/wp-json\/wp\/v2\/posts\/2572\/revisions"}],"predecessor-version":[{"id":8264,"href":"https:\/\/www.radiofiskars.fi\/wordpress\/wp-json\/wp\/v2\/posts\/2572\/revisions\/8264"}],"wp:attachment":[{"href":"https:\/\/www.radiofiskars.fi\/wordpress\/wp-json\/wp\/v2\/media?parent=2572"}],"wp:term":[{"taxonomy":"category","embeddable":true,"href":"https:\/\/www.radiofiskars.fi\/wordpress\/wp-json\/wp\/v2\/categories?post=2572"},{"taxonomy":"post_tag","embeddable":true,"href":"https:\/\/www.radiofiskars.fi\/wordpress\/wp-json\/wp\/v2\/tags?post=2572"}],"curies":[{"name":"wp","href":"https:\/\/api.w.org\/{rel}","templated":true}]}}