{"id":2668,"date":"2014-09-22T17:04:56","date_gmt":"2014-09-22T14:04:56","guid":{"rendered":"http:\/\/www.radiofiskars.fi\/?p=2668"},"modified":"2024-03-16T15:05:54","modified_gmt":"2024-03-16T13:05:54","slug":"haastateltavana-kuvataiteilija-daniel-enckell","status":"publish","type":"post","link":"https:\/\/www.radiofiskars.fi\/wordpress\/2014\/09\/haastateltavana-kuvataiteilija-daniel-enckell\/","title":{"rendered":"Haastateltavana kuvataiteilija Daniel Enckell"},"content":{"rendered":"<p>Fiskarslainen kuvataiteilija <strong>Daniel Enckell<\/strong> kertoo itselleen t\u00e4rke\u00e4st\u00e4 maalauksesta, joka my\u00f6s muutti h\u00e4nen tulevaa ty\u00f6skentely\u00e4\u00e4n. <strong>Lauri Heikkil\u00e4n<\/strong> johdolla Enckell kertoo maalauksensa valmistumisprosessista.<\/p>\n<div class=\"powerpress_player\" id=\"powerpress_player_6748\"><audio class=\"wp-audio-shortcode\" id=\"audio-2668-1\" preload=\"none\" style=\"width: 100%;\" controls=\"controls\"><source type=\"audio\/mpeg\" src=\"https:\/\/www.radiofiskars.fi\/wp-content\/uploads\/2024\/03\/Haastateltavana-kuvataiteilija-Daniel-Enckell-22.9.2014.mp3?_=1\" \/><a href=\"https:\/\/www.radiofiskars.fi\/wp-content\/uploads\/2024\/03\/Haastateltavana-kuvataiteilija-Daniel-Enckell-22.9.2014.mp3\">https:\/\/www.radiofiskars.fi\/wp-content\/uploads\/2024\/03\/Haastateltavana-kuvataiteilija-Daniel-Enckell-22.9.2014.mp3<\/a><\/audio><\/div><p class=\"powerpress_links powerpress_links_mp3\" style=\"margin-bottom: 1px !important;\">Podcast: <a href=\"https:\/\/www.radiofiskars.fi\/wp-content\/uploads\/2024\/03\/Haastateltavana-kuvataiteilija-Daniel-Enckell-22.9.2014.mp3\" class=\"powerpress_link_pinw\" target=\"_blank\" title=\"Play in new window\" onclick=\"return powerpress_pinw('https:\/\/www.radiofiskars.fi\/wordpress\/?powerpress_pinw=2668-podcast');\" rel=\"nofollow\">Play in new window<\/a><\/p><!--powerpress_player-->","protected":false},"excerpt":{"rendered":"<p>Fiskarslainen kuvataiteilija Daniel Enckell kertoo itselleen t\u00e4rke\u00e4st\u00e4 maalauksesta, joka my\u00f6s muutti h\u00e4nen tulevaa ty\u00f6skentely\u00e4\u00e4n. Lauri Heikkil\u00e4n johdolla Enckell kertoo maalauksensa valmistumisprosessista. https:\/\/www.radiofiskars.fi\/wp-content\/uploads\/2024\/03\/Haastateltavana-kuvataiteilija-Daniel-Enckell-22.9.2014.mp3Podcast: Play in new window<\/p>\n","protected":false},"author":2,"featured_media":0,"comment_status":"open","ping_status":"open","sticky":false,"template":"","format":"standard","meta":{"footnotes":""},"categories":[5],"tags":[1261,160],"class_list":["post-2668","post","type-post","status-publish","format-standard","hentry","category-haastattelut","tag-daniel-enckell","tag-lauri-heikkila"],"_links":{"self":[{"href":"https:\/\/www.radiofiskars.fi\/wordpress\/wp-json\/wp\/v2\/posts\/2668","targetHints":{"allow":["GET"]}}],"collection":[{"href":"https:\/\/www.radiofiskars.fi\/wordpress\/wp-json\/wp\/v2\/posts"}],"about":[{"href":"https:\/\/www.radiofiskars.fi\/wordpress\/wp-json\/wp\/v2\/types\/post"}],"author":[{"embeddable":true,"href":"https:\/\/www.radiofiskars.fi\/wordpress\/wp-json\/wp\/v2\/users\/2"}],"replies":[{"embeddable":true,"href":"https:\/\/www.radiofiskars.fi\/wordpress\/wp-json\/wp\/v2\/comments?post=2668"}],"version-history":[{"count":3,"href":"https:\/\/www.radiofiskars.fi\/wordpress\/wp-json\/wp\/v2\/posts\/2668\/revisions"}],"predecessor-version":[{"id":8289,"href":"https:\/\/www.radiofiskars.fi\/wordpress\/wp-json\/wp\/v2\/posts\/2668\/revisions\/8289"}],"wp:attachment":[{"href":"https:\/\/www.radiofiskars.fi\/wordpress\/wp-json\/wp\/v2\/media?parent=2668"}],"wp:term":[{"taxonomy":"category","embeddable":true,"href":"https:\/\/www.radiofiskars.fi\/wordpress\/wp-json\/wp\/v2\/categories?post=2668"},{"taxonomy":"post_tag","embeddable":true,"href":"https:\/\/www.radiofiskars.fi\/wordpress\/wp-json\/wp\/v2\/tags?post=2668"}],"curies":[{"name":"wp","href":"https:\/\/api.w.org\/{rel}","templated":true}]}}