{"id":2926,"date":"2015-03-01T10:51:11","date_gmt":"2015-03-01T08:51:11","guid":{"rendered":"http:\/\/www.radiofiskars.fi\/?p=2926"},"modified":"2024-01-23T12:03:02","modified_gmt":"2024-01-23T10:03:02","slug":"ajattelu-on-ilmaista-frank-johansson-2","status":"publish","type":"post","link":"https:\/\/www.radiofiskars.fi\/wordpress\/2015\/03\/ajattelu-on-ilmaista-frank-johansson-2\/","title":{"rendered":"Ajattelu on ilmaista: Frank Johansson"},"content":{"rendered":"<p>Amnesty Internationalin Suomen osaston toiminnanjohtaja\u00a0<b>Frank Johansson<\/b> viritti 29.11.2013 keskustelua Fiskarsin ravintola Kuparipajassa kirjansa\u00a0 <b>Hyv\u00e4n tekeminen ja valta<\/b> teemoista: Eroaako nykyp\u00e4iv\u00e4n kansainv\u00e4linen auttamisty\u00f6 kolonialismista? Mik\u00e4 on auttamisen suhde globaalihallintaan ja l\u00e4ntiseen valtaan? Mink\u00e4lainen on humanitaarisen kertomuksen ihmiskuva? Ovatko ihmisoikeudet korvanneet jumalan, kaikkitiet\u00e4v\u00e4n\u00e4 tuomarina? Miten politiikka liittyy auttamiseen? Kenelle auttajat ovat tilivelvollisia? Miksi auttamisen kipeist\u00e4 kysymyksist\u00e4 ei puhuta enemm\u00e4n? Illan juontajanaja yleis\u00f6keskuksen johtajana <strong>Lasse Minkkinen<\/strong>.<\/p>\n<div class=\"powerpress_player\" id=\"powerpress_player_761\"><audio class=\"wp-audio-shortcode\" id=\"audio-2926-1\" preload=\"none\" style=\"width: 100%;\" controls=\"controls\"><source type=\"audio\/mpeg\" src=\"https:\/\/www.radiofiskars.fi\/wp-content\/uploads\/2024\/01\/Ajattelu-on-ilmaista-Frank-Johansson-1.3.2015.mp3?_=1\" \/><a href=\"https:\/\/www.radiofiskars.fi\/wp-content\/uploads\/2024\/01\/Ajattelu-on-ilmaista-Frank-Johansson-1.3.2015.mp3\">https:\/\/www.radiofiskars.fi\/wp-content\/uploads\/2024\/01\/Ajattelu-on-ilmaista-Frank-Johansson-1.3.2015.mp3<\/a><\/audio><\/div><p class=\"powerpress_links powerpress_links_mp3\" style=\"margin-bottom: 1px !important;\">Podcast: <a href=\"https:\/\/www.radiofiskars.fi\/wp-content\/uploads\/2024\/01\/Ajattelu-on-ilmaista-Frank-Johansson-1.3.2015.mp3\" class=\"powerpress_link_pinw\" target=\"_blank\" title=\"Play in new window\" onclick=\"return powerpress_pinw('https:\/\/www.radiofiskars.fi\/wordpress\/?powerpress_pinw=2926-podcast');\" rel=\"nofollow\">Play in new window<\/a><\/p><!--powerpress_player-->","protected":false},"excerpt":{"rendered":"<p>Amnesty Internationalin Suomen osaston toiminnanjohtaja\u00a0Frank Johansson viritti 29.11.2013 keskustelua Fiskarsin ravintola Kuparipajassa kirjansa\u00a0 Hyv\u00e4n tekeminen ja valta teemoista: Eroaako nykyp\u00e4iv\u00e4n kansainv\u00e4linen auttamisty\u00f6 kolonialismista? Mik\u00e4 on auttamisen suhde globaalihallintaan ja l\u00e4ntiseen valtaan? Mink\u00e4lainen on humanitaarisen kertomuksen ihmiskuva? Ovatko ihmisoikeudet korvanneet jumalan, kaikkitiet\u00e4v\u00e4n\u00e4 tuomarina? Miten politiikka liittyy auttamiseen? Kenelle auttajat ovat tilivelvollisia? Miksi auttamisen kipeist\u00e4 kysymyksist\u00e4 ei &hellip; <a href=\"https:\/\/www.radiofiskars.fi\/wordpress\/2015\/03\/ajattelu-on-ilmaista-frank-johansson-2\/\" class=\"more-link\">Jatka lukemista <span class=\"screen-reader-text\">Ajattelu on ilmaista: Frank Johansson<\/span> <span class=\"meta-nav\">&rarr;<\/span><\/a><\/p>\n","protected":false},"author":2,"featured_media":0,"comment_status":"open","ping_status":"open","sticky":false,"template":"","format":"standard","meta":{"footnotes":""},"categories":[2],"tags":[230,104],"class_list":["post-2926","post","type-post","status-publish","format-standard","hentry","category-ajattelu-on-ilmaista","tag-ajattelu-on-ilmaista","tag-frank-johansson"],"_links":{"self":[{"href":"https:\/\/www.radiofiskars.fi\/wordpress\/wp-json\/wp\/v2\/posts\/2926","targetHints":{"allow":["GET"]}}],"collection":[{"href":"https:\/\/www.radiofiskars.fi\/wordpress\/wp-json\/wp\/v2\/posts"}],"about":[{"href":"https:\/\/www.radiofiskars.fi\/wordpress\/wp-json\/wp\/v2\/types\/post"}],"author":[{"embeddable":true,"href":"https:\/\/www.radiofiskars.fi\/wordpress\/wp-json\/wp\/v2\/users\/2"}],"replies":[{"embeddable":true,"href":"https:\/\/www.radiofiskars.fi\/wordpress\/wp-json\/wp\/v2\/comments?post=2926"}],"version-history":[{"count":4,"href":"https:\/\/www.radiofiskars.fi\/wordpress\/wp-json\/wp\/v2\/posts\/2926\/revisions"}],"predecessor-version":[{"id":7997,"href":"https:\/\/www.radiofiskars.fi\/wordpress\/wp-json\/wp\/v2\/posts\/2926\/revisions\/7997"}],"wp:attachment":[{"href":"https:\/\/www.radiofiskars.fi\/wordpress\/wp-json\/wp\/v2\/media?parent=2926"}],"wp:term":[{"taxonomy":"category","embeddable":true,"href":"https:\/\/www.radiofiskars.fi\/wordpress\/wp-json\/wp\/v2\/categories?post=2926"},{"taxonomy":"post_tag","embeddable":true,"href":"https:\/\/www.radiofiskars.fi\/wordpress\/wp-json\/wp\/v2\/tags?post=2926"}],"curies":[{"name":"wp","href":"https:\/\/api.w.org\/{rel}","templated":true}]}}