{"id":2980,"date":"2015-03-31T18:04:28","date_gmt":"2015-03-31T15:04:28","guid":{"rendered":"http:\/\/www.radiofiskars.fi\/?p=2980"},"modified":"2024-03-17T15:16:30","modified_gmt":"2024-03-17T13:16:30","slug":"karjaan-kirjakekkerit-14-3-2015","status":"publish","type":"post","link":"https:\/\/www.radiofiskars.fi\/wordpress\/2015\/03\/karjaan-kirjakekkerit-14-3-2015\/","title":{"rendered":"Karjaan Kirjakekkerit Virpi H\u00e4meen-Anttila 14.3.2015"},"content":{"rendered":"<p>Vuosittainen kirjallisuustapahtuma <strong>Karjaan Kirjakekkerit<\/strong> ker\u00e4si Galleria Fokukseen joukon kirjailijoita ja kirjallisuuden yst\u00e4vi\u00e4. Radiofiskars taltioi kirjailijoiden esitykset sek\u00e4 yleis\u00f6keskustelut.<\/p>\n<p>Karjaan Kirjakekkereill\u00e4 vieraillut kirjailija <strong>Virpi H\u00e4meen-Anttila<\/strong> kertoo <strong>Pia-Maria Lehtolan<\/strong> haastattelussa teoksestaan Y\u00f6n syd\u00e4n on j\u00e4\u00e4t\u00e4. Siin\u00e4 k\u00e4yskennell\u00e4\u00e4n 1920-luvun Helsingiss\u00e4 ja tutuksi tulevat tuon ajan Kruununhaka, yhteiskuntael\u00e4m\u00e4, puvut ja tavat.<\/p>\n<p><strong>Yleis\u00f6 kysyy:<\/strong> Miten sinusta tuli kirjailija?\u00a0 Rakkaus musiikkiin ja taiteeseen kulkevat varmaan mukana, vaikuttavat taustalla?\u00a0 Montako kirjaa olet julkaissut ja pid\u00e4tk\u00f6 taukoa niiden v\u00e4liss\u00e4?\u00a0 Kauanko meni t\u00e4h\u00e4n Y\u00f6n syd\u00e4n on j\u00e4\u00e4t\u00e4 \u2013kirjan kirjoittamiseen&#8230;<\/p>\n<p>Tapahtuman j\u00e4rjest\u00e4jin\u00e4 ovat Raaseporin suomenkielinen kulttuuriyhdistys Raasu ry yhteisty\u00f6ss\u00e4 V\u00e4stnyl\u00e4ndska\u00a0 kultursamfundetin, Raaseporin kaupungin kulttuuritoimiston ja Karjaan kirjaston kanssa.<\/p>\n<div class=\"powerpress_player\" id=\"powerpress_player_241\"><audio class=\"wp-audio-shortcode\" id=\"audio-2980-1\" preload=\"none\" style=\"width: 100%;\" controls=\"controls\"><source type=\"audio\/mpeg\" src=\"https:\/\/www.radiofiskars.fi\/wp-content\/uploads\/2024\/03\/Karjaan-kirjakekkerit-Virp-Hameen-Anttila-31.3.2015.mp3?_=1\" \/><a href=\"https:\/\/www.radiofiskars.fi\/wp-content\/uploads\/2024\/03\/Karjaan-kirjakekkerit-Virp-Hameen-Anttila-31.3.2015.mp3\">https:\/\/www.radiofiskars.fi\/wp-content\/uploads\/2024\/03\/Karjaan-kirjakekkerit-Virp-Hameen-Anttila-31.3.2015.mp3<\/a><\/audio><\/div><p class=\"powerpress_links powerpress_links_mp3\" style=\"margin-bottom: 1px !important;\">Podcast: <a href=\"https:\/\/www.radiofiskars.fi\/wp-content\/uploads\/2024\/03\/Karjaan-kirjakekkerit-Virp-Hameen-Anttila-31.3.2015.mp3\" class=\"powerpress_link_pinw\" target=\"_blank\" title=\"Play in new window\" onclick=\"return powerpress_pinw('https:\/\/www.radiofiskars.fi\/wordpress\/?powerpress_pinw=2980-podcast');\" rel=\"nofollow\">Play in new window<\/a><\/p><!--powerpress_player-->","protected":false},"excerpt":{"rendered":"<p>Vuosittainen kirjallisuustapahtuma Karjaan Kirjakekkerit ker\u00e4si Galleria Fokukseen joukon kirjailijoita ja kirjallisuuden yst\u00e4vi\u00e4. Radiofiskars taltioi kirjailijoiden esitykset sek\u00e4 yleis\u00f6keskustelut. Karjaan Kirjakekkereill\u00e4 vieraillut kirjailija Virpi H\u00e4meen-Anttila kertoo Pia-Maria Lehtolan haastattelussa teoksestaan Y\u00f6n syd\u00e4n on j\u00e4\u00e4t\u00e4. Siin\u00e4 k\u00e4yskennell\u00e4\u00e4n 1920-luvun Helsingiss\u00e4 ja tutuksi tulevat tuon ajan Kruununhaka, yhteiskuntael\u00e4m\u00e4, puvut ja tavat. Yleis\u00f6 kysyy: Miten sinusta tuli kirjailija?\u00a0 Rakkaus musiikkiin &hellip; <a href=\"https:\/\/www.radiofiskars.fi\/wordpress\/2015\/03\/karjaan-kirjakekkerit-14-3-2015\/\" class=\"more-link\">Jatka lukemista <span class=\"screen-reader-text\">Karjaan Kirjakekkerit Virpi H\u00e4meen-Anttila 14.3.2015<\/span> <span class=\"meta-nav\">&rarr;<\/span><\/a><\/p>\n","protected":false},"author":2,"featured_media":0,"comment_status":"open","ping_status":"open","sticky":false,"template":"","format":"standard","meta":{"footnotes":""},"categories":[51],"tags":[273,1275],"class_list":["post-2980","post","type-post","status-publish","format-standard","hentry","category-tapahtumataltioinnit","tag-karjaan-kirjakekkerit","tag-virpi-hameen-anttila"],"_links":{"self":[{"href":"https:\/\/www.radiofiskars.fi\/wordpress\/wp-json\/wp\/v2\/posts\/2980","targetHints":{"allow":["GET"]}}],"collection":[{"href":"https:\/\/www.radiofiskars.fi\/wordpress\/wp-json\/wp\/v2\/posts"}],"about":[{"href":"https:\/\/www.radiofiskars.fi\/wordpress\/wp-json\/wp\/v2\/types\/post"}],"author":[{"embeddable":true,"href":"https:\/\/www.radiofiskars.fi\/wordpress\/wp-json\/wp\/v2\/users\/2"}],"replies":[{"embeddable":true,"href":"https:\/\/www.radiofiskars.fi\/wordpress\/wp-json\/wp\/v2\/comments?post=2980"}],"version-history":[{"count":7,"href":"https:\/\/www.radiofiskars.fi\/wordpress\/wp-json\/wp\/v2\/posts\/2980\/revisions"}],"predecessor-version":[{"id":8349,"href":"https:\/\/www.radiofiskars.fi\/wordpress\/wp-json\/wp\/v2\/posts\/2980\/revisions\/8349"}],"wp:attachment":[{"href":"https:\/\/www.radiofiskars.fi\/wordpress\/wp-json\/wp\/v2\/media?parent=2980"}],"wp:term":[{"taxonomy":"category","embeddable":true,"href":"https:\/\/www.radiofiskars.fi\/wordpress\/wp-json\/wp\/v2\/categories?post=2980"},{"taxonomy":"post_tag","embeddable":true,"href":"https:\/\/www.radiofiskars.fi\/wordpress\/wp-json\/wp\/v2\/tags?post=2980"}],"curies":[{"name":"wp","href":"https:\/\/api.w.org\/{rel}","templated":true}]}}