{"id":3094,"date":"2015-06-03T16:41:02","date_gmt":"2015-06-03T13:41:02","guid":{"rendered":"http:\/\/www.radiofiskars.fi\/?p=3094"},"modified":"2015-06-03T16:41:02","modified_gmt":"2015-06-03T13:41:02","slug":"fiskarsin-kylateatterista-miski-budsko-ja-susanna-louneva","status":"publish","type":"post","link":"https:\/\/www.radiofiskars.fi\/wordpress\/2015\/06\/fiskarsin-kylateatterista-miski-budsko-ja-susanna-louneva\/","title":{"rendered":"Fiskarsin kyl\u00e4teatterista Miski Budsko ja Susanna Louneva"},"content":{"rendered":"<p>Fiskarsin kyl\u00e4teatteri valmistautuu kes\u00e4n ensi-iltaansa. Haastateltavina <em>Sakset, Kivi ja Paperi<\/em> \u2013n\u00e4ytelm\u00e4n ohjaaja <strong>Miski Budsko<\/strong> sek\u00e4 Kyl\u00e4teatteriyhdistyksen puheenjohtaja <strong>Susanna Louneva<\/strong>. Toimittaja Anne Wirkkala<\/p>\n<audio class=\"wp-audio-shortcode\" id=\"audio-3094-2\" preload=\"none\" style=\"width: 100%;\" controls=\"controls\"><source type=\"audio\/mpeg\" src=\"https:\/\/www.radiofiskars.fi\/wordpress\/wp-content\/uploads\/2015\/06\/Teatteri-2-w-256kbps.mp3?_=2\" \/><a href=\"https:\/\/www.radiofiskars.fi\/wordpress\/wp-content\/uploads\/2015\/06\/Teatteri-2-w-256kbps.mp3\">https:\/\/www.radiofiskars.fi\/wordpress\/wp-content\/uploads\/2015\/06\/Teatteri-2-w-256kbps.mp3<\/a><\/audio>\n<div class=\"powerpress_player\" id=\"powerpress_player_1933\"><audio class=\"wp-audio-shortcode\" id=\"audio-3094-1\" preload=\"none\" style=\"width: 100%;\" controls=\"controls\"><source type=\"audio\/mpeg\" src=\"http:\/\/www.radiofiskars.fi\/wordpress\/wp-content\/uploads\/2015\/06\/Teatteri-2-w-256kbps.mp3?_=1\" \/><a href=\"http:\/\/www.radiofiskars.fi\/wordpress\/wp-content\/uploads\/2015\/06\/Teatteri-2-w-256kbps.mp3\">http:\/\/www.radiofiskars.fi\/wordpress\/wp-content\/uploads\/2015\/06\/Teatteri-2-w-256kbps.mp3<\/a><\/audio><\/div><p class=\"powerpress_links powerpress_links_mp3\" style=\"margin-bottom: 1px !important;\">Podcast: <a href=\"http:\/\/www.radiofiskars.fi\/wordpress\/wp-content\/uploads\/2015\/06\/Teatteri-2-w-256kbps.mp3\" class=\"powerpress_link_pinw\" target=\"_blank\" title=\"Play in new window\" onclick=\"return powerpress_pinw('https:\/\/www.radiofiskars.fi\/wordpress\/?powerpress_pinw=3094-podcast');\" rel=\"nofollow\">Play in new window<\/a><\/p><!--powerpress_player-->","protected":false},"excerpt":{"rendered":"<p>Fiskarsin kyl\u00e4teatteri valmistautuu kes\u00e4n ensi-iltaansa. Haastateltavina Sakset, Kivi ja Paperi \u2013n\u00e4ytelm\u00e4n ohjaaja Miski Budsko sek\u00e4 Kyl\u00e4teatteriyhdistyksen puheenjohtaja Susanna Louneva. Toimittaja Anne Wirkkala https:\/\/www.radiofiskars.fi\/wordpress\/wp-content\/uploads\/2015\/06\/Teatteri-2-w-256kbps.mp3Podcast: Play in new window<\/p>\n","protected":false},"author":2,"featured_media":0,"comment_status":"open","ping_status":"open","sticky":false,"template":"","format":"standard","meta":{"footnotes":""},"categories":[5,9],"tags":[142,136,140,141],"class_list":["post-3094","post","type-post","status-publish","format-standard","hentry","category-haastattelut","category-ruukinjyviajaakanoita","tag-fiskarsin-kesateatteri","tag-henkilo","tag-miski-budsko","tag-susanna-louneva"],"_links":{"self":[{"href":"https:\/\/www.radiofiskars.fi\/wordpress\/wp-json\/wp\/v2\/posts\/3094","targetHints":{"allow":["GET"]}}],"collection":[{"href":"https:\/\/www.radiofiskars.fi\/wordpress\/wp-json\/wp\/v2\/posts"}],"about":[{"href":"https:\/\/www.radiofiskars.fi\/wordpress\/wp-json\/wp\/v2\/types\/post"}],"author":[{"embeddable":true,"href":"https:\/\/www.radiofiskars.fi\/wordpress\/wp-json\/wp\/v2\/users\/2"}],"replies":[{"embeddable":true,"href":"https:\/\/www.radiofiskars.fi\/wordpress\/wp-json\/wp\/v2\/comments?post=3094"}],"version-history":[{"count":1,"href":"https:\/\/www.radiofiskars.fi\/wordpress\/wp-json\/wp\/v2\/posts\/3094\/revisions"}],"predecessor-version":[{"id":3095,"href":"https:\/\/www.radiofiskars.fi\/wordpress\/wp-json\/wp\/v2\/posts\/3094\/revisions\/3095"}],"wp:attachment":[{"href":"https:\/\/www.radiofiskars.fi\/wordpress\/wp-json\/wp\/v2\/media?parent=3094"}],"wp:term":[{"taxonomy":"category","embeddable":true,"href":"https:\/\/www.radiofiskars.fi\/wordpress\/wp-json\/wp\/v2\/categories?post=3094"},{"taxonomy":"post_tag","embeddable":true,"href":"https:\/\/www.radiofiskars.fi\/wordpress\/wp-json\/wp\/v2\/tags?post=3094"}],"curies":[{"name":"wp","href":"https:\/\/api.w.org\/{rel}","templated":true}]}}