{"id":3099,"date":"2015-06-03T16:46:36","date_gmt":"2015-06-03T13:46:36","guid":{"rendered":"http:\/\/www.radiofiskars.fi\/?p=3099"},"modified":"2015-06-03T16:46:36","modified_gmt":"2015-06-03T13:46:36","slug":"we-love-woods-tekijoiden-haastatteluja","status":"publish","type":"post","link":"https:\/\/www.radiofiskars.fi\/wordpress\/2015\/06\/we-love-woods-tekijoiden-haastatteluja\/","title":{"rendered":"We love wood(s) &#8211; tekij\u00f6iden haastatteluja"},"content":{"rendered":"<p>Tekij\u00f6it\u00e4 teostensa \u00e4\u00e4rell\u00e4. Toimittaja Anne wirkkala<\/p>\n<audio class=\"wp-audio-shortcode\" id=\"audio-3099-2\" preload=\"none\" style=\"width: 100%;\" controls=\"controls\"><source type=\"audio\/mpeg\" src=\"https:\/\/www.radiofiskars.fi\/wordpress\/wp-content\/uploads\/2015\/06\/Musta-sali-Onoma-2015-w-256kbps.mp3?_=2\" \/><a href=\"https:\/\/www.radiofiskars.fi\/wordpress\/wp-content\/uploads\/2015\/06\/Musta-sali-Onoma-2015-w-256kbps.mp3\">https:\/\/www.radiofiskars.fi\/wordpress\/wp-content\/uploads\/2015\/06\/Musta-sali-Onoma-2015-w-256kbps.mp3<\/a><\/audio>\n<div class=\"powerpress_player\" id=\"powerpress_player_8895\"><audio class=\"wp-audio-shortcode\" id=\"audio-3099-1\" preload=\"none\" style=\"width: 100%;\" controls=\"controls\"><source type=\"audio\/mpeg\" src=\"http:\/\/www.radiofiskars.fi\/wordpress\/wp-content\/uploads\/2015\/06\/Musta-sali-Onoma-2015-w-256kbps.mp3?_=1\" \/><a href=\"http:\/\/www.radiofiskars.fi\/wordpress\/wp-content\/uploads\/2015\/06\/Musta-sali-Onoma-2015-w-256kbps.mp3\">http:\/\/www.radiofiskars.fi\/wordpress\/wp-content\/uploads\/2015\/06\/Musta-sali-Onoma-2015-w-256kbps.mp3<\/a><\/audio><\/div><p class=\"powerpress_links powerpress_links_mp3\" style=\"margin-bottom: 1px !important;\">Podcast: <a href=\"http:\/\/www.radiofiskars.fi\/wordpress\/wp-content\/uploads\/2015\/06\/Musta-sali-Onoma-2015-w-256kbps.mp3\" class=\"powerpress_link_pinw\" target=\"_blank\" title=\"Play in new window\" onclick=\"return powerpress_pinw('https:\/\/www.radiofiskars.fi\/wordpress\/?powerpress_pinw=3099-podcast');\" rel=\"nofollow\">Play in new window<\/a><\/p><!--powerpress_player-->","protected":false},"excerpt":{"rendered":"<p>Tekij\u00f6it\u00e4 teostensa \u00e4\u00e4rell\u00e4. Toimittaja Anne wirkkala https:\/\/www.radiofiskars.fi\/wordpress\/wp-content\/uploads\/2015\/06\/Musta-sali-Onoma-2015-w-256kbps.mp3Podcast: Play in new window<\/p>\n","protected":false},"author":2,"featured_media":0,"comment_status":"open","ping_status":"open","sticky":false,"template":"","format":"standard","meta":{"footnotes":""},"categories":[9],"tags":[143],"class_list":["post-3099","post","type-post","status-publish","format-standard","hentry","category-ruukinjyviajaakanoita","tag-we-love-woods"],"_links":{"self":[{"href":"https:\/\/www.radiofiskars.fi\/wordpress\/wp-json\/wp\/v2\/posts\/3099","targetHints":{"allow":["GET"]}}],"collection":[{"href":"https:\/\/www.radiofiskars.fi\/wordpress\/wp-json\/wp\/v2\/posts"}],"about":[{"href":"https:\/\/www.radiofiskars.fi\/wordpress\/wp-json\/wp\/v2\/types\/post"}],"author":[{"embeddable":true,"href":"https:\/\/www.radiofiskars.fi\/wordpress\/wp-json\/wp\/v2\/users\/2"}],"replies":[{"embeddable":true,"href":"https:\/\/www.radiofiskars.fi\/wordpress\/wp-json\/wp\/v2\/comments?post=3099"}],"version-history":[{"count":1,"href":"https:\/\/www.radiofiskars.fi\/wordpress\/wp-json\/wp\/v2\/posts\/3099\/revisions"}],"predecessor-version":[{"id":3100,"href":"https:\/\/www.radiofiskars.fi\/wordpress\/wp-json\/wp\/v2\/posts\/3099\/revisions\/3100"}],"wp:attachment":[{"href":"https:\/\/www.radiofiskars.fi\/wordpress\/wp-json\/wp\/v2\/media?parent=3099"}],"wp:term":[{"taxonomy":"category","embeddable":true,"href":"https:\/\/www.radiofiskars.fi\/wordpress\/wp-json\/wp\/v2\/categories?post=3099"},{"taxonomy":"post_tag","embeddable":true,"href":"https:\/\/www.radiofiskars.fi\/wordpress\/wp-json\/wp\/v2\/tags?post=3099"}],"curies":[{"name":"wp","href":"https:\/\/api.w.org\/{rel}","templated":true}]}}