{"id":3264,"date":"2015-09-10T16:35:06","date_gmt":"2015-09-10T13:35:06","guid":{"rendered":"http:\/\/www.radiofiskars.fi\/?p=3264"},"modified":"2015-09-10T16:35:06","modified_gmt":"2015-09-10T13:35:06","slug":"hans-friedrichsenin-keittiossa","status":"publish","type":"post","link":"https:\/\/www.radiofiskars.fi\/wordpress\/2015\/09\/hans-friedrichsenin-keittiossa\/","title":{"rendered":"Hans Friedrichsenin keitti\u00f6ss\u00e4"},"content":{"rendered":"<p>Seuraavassa jutellaan enimm\u00e4kseen ruuasta ja ruokaan liittyvist\u00e4 aiheista kuten siit\u00e4, miten <strong>Hans Friedrichsenist\u00e4<\/strong> tuli kasviskokki ja miten ammatti kuljetti h\u00e4net Suomeen. Ohjelman lopussa valmistetaan kes\u00e4kurpitsapataa. Friedrechseni\u00e4 haastattelee Suvi Heino.<\/p>\n<audio class=\"wp-audio-shortcode\" id=\"audio-3264-2\" preload=\"none\" style=\"width: 100%;\" controls=\"controls\"><source type=\"audio\/mpeg\" src=\"https:\/\/www.radiofiskars.fi\/wordpress\/wp-content\/uploads\/2015\/09\/Hans-ruoka-1-2015-w-256kbps.mp3?_=2\" \/><a href=\"https:\/\/www.radiofiskars.fi\/wordpress\/wp-content\/uploads\/2015\/09\/Hans-ruoka-1-2015-w-256kbps.mp3\">https:\/\/www.radiofiskars.fi\/wordpress\/wp-content\/uploads\/2015\/09\/Hans-ruoka-1-2015-w-256kbps.mp3<\/a><\/audio>\n<div class=\"powerpress_player\" id=\"powerpress_player_9908\"><audio class=\"wp-audio-shortcode\" id=\"audio-3264-1\" preload=\"none\" style=\"width: 100%;\" controls=\"controls\"><source type=\"audio\/mpeg\" src=\"http:\/\/www.radiofiskars.fi\/wordpress\/wp-content\/uploads\/2015\/09\/Hans-ruoka-1-2015-w-256kbps.mp3?_=1\" \/><a href=\"http:\/\/www.radiofiskars.fi\/wordpress\/wp-content\/uploads\/2015\/09\/Hans-ruoka-1-2015-w-256kbps.mp3\">http:\/\/www.radiofiskars.fi\/wordpress\/wp-content\/uploads\/2015\/09\/Hans-ruoka-1-2015-w-256kbps.mp3<\/a><\/audio><\/div><p class=\"powerpress_links powerpress_links_mp3\" style=\"margin-bottom: 1px !important;\">Podcast: <a href=\"http:\/\/www.radiofiskars.fi\/wordpress\/wp-content\/uploads\/2015\/09\/Hans-ruoka-1-2015-w-256kbps.mp3\" class=\"powerpress_link_pinw\" target=\"_blank\" title=\"Play in new window\" onclick=\"return powerpress_pinw('https:\/\/www.radiofiskars.fi\/wordpress\/?powerpress_pinw=3264-podcast');\" rel=\"nofollow\">Play in new window<\/a><\/p><!--powerpress_player-->","protected":false},"excerpt":{"rendered":"<p>Seuraavassa jutellaan enimm\u00e4kseen ruuasta ja ruokaan liittyvist\u00e4 aiheista kuten siit\u00e4, miten Hans Friedrichsenist\u00e4 tuli kasviskokki ja miten ammatti kuljetti h\u00e4net Suomeen. Ohjelman lopussa valmistetaan kes\u00e4kurpitsapataa. Friedrechseni\u00e4 haastattelee Suvi Heino. https:\/\/www.radiofiskars.fi\/wordpress\/wp-content\/uploads\/2015\/09\/Hans-ruoka-1-2015-w-256kbps.mp3Podcast: Play in new window<\/p>\n","protected":false},"author":2,"featured_media":0,"comment_status":"open","ping_status":"open","sticky":false,"template":"","format":"standard","meta":{"footnotes":""},"categories":[5],"tags":[187],"class_list":["post-3264","post","type-post","status-publish","format-standard","hentry","category-haastattelut","tag-hans-friedrichsen"],"_links":{"self":[{"href":"https:\/\/www.radiofiskars.fi\/wordpress\/wp-json\/wp\/v2\/posts\/3264","targetHints":{"allow":["GET"]}}],"collection":[{"href":"https:\/\/www.radiofiskars.fi\/wordpress\/wp-json\/wp\/v2\/posts"}],"about":[{"href":"https:\/\/www.radiofiskars.fi\/wordpress\/wp-json\/wp\/v2\/types\/post"}],"author":[{"embeddable":true,"href":"https:\/\/www.radiofiskars.fi\/wordpress\/wp-json\/wp\/v2\/users\/2"}],"replies":[{"embeddable":true,"href":"https:\/\/www.radiofiskars.fi\/wordpress\/wp-json\/wp\/v2\/comments?post=3264"}],"version-history":[{"count":1,"href":"https:\/\/www.radiofiskars.fi\/wordpress\/wp-json\/wp\/v2\/posts\/3264\/revisions"}],"predecessor-version":[{"id":3265,"href":"https:\/\/www.radiofiskars.fi\/wordpress\/wp-json\/wp\/v2\/posts\/3264\/revisions\/3265"}],"wp:attachment":[{"href":"https:\/\/www.radiofiskars.fi\/wordpress\/wp-json\/wp\/v2\/media?parent=3264"}],"wp:term":[{"taxonomy":"category","embeddable":true,"href":"https:\/\/www.radiofiskars.fi\/wordpress\/wp-json\/wp\/v2\/categories?post=3264"},{"taxonomy":"post_tag","embeddable":true,"href":"https:\/\/www.radiofiskars.fi\/wordpress\/wp-json\/wp\/v2\/tags?post=3264"}],"curies":[{"name":"wp","href":"https:\/\/api.w.org\/{rel}","templated":true}]}}