{"id":3266,"date":"2015-09-10T16:40:46","date_gmt":"2015-09-10T13:40:46","guid":{"rendered":"http:\/\/www.radiofiskars.fi\/?p=3266"},"modified":"2024-01-23T12:11:56","modified_gmt":"2024-01-23T10:11:56","slug":"ajattelu-on-ilmaista-tiina-rosenberg","status":"publish","type":"post","link":"https:\/\/www.radiofiskars.fi\/wordpress\/2015\/09\/ajattelu-on-ilmaista-tiina-rosenberg\/","title":{"rendered":"Ajattelu on ilmaista &#8211; Tiina Rosenberg"},"content":{"rendered":"<p>Ajattelu on ilmaista \u2013tapahtuman vieraana ollut Tukholman yliopiston teatteritieteen professori, yhteiskuntakeskustelija <strong>Tiina Rosenberg<\/strong> alustaa aiheesta: \u201dAjatuksia keskustelun ja sanomisen mahdollisuuksista taiteessa, mediassa ja ylip\u00e4\u00e4t\u00e4\u00e4n yhteiskunnassa. Onko keskusteluilmapiiriss\u00e4 eroja eri maissa?\u201d<\/p>\n<div class=\"powerpress_player\" id=\"powerpress_player_162\"><audio class=\"wp-audio-shortcode\" id=\"audio-3266-1\" preload=\"none\" style=\"width: 100%;\" controls=\"controls\"><source type=\"audio\/mpeg\" src=\"https:\/\/www.radiofiskars.fi\/wp-content\/uploads\/2024\/01\/Ajattelu-on-ilmaista-Tiina-Rosenberg-10.9.2015.mp3?_=1\" \/><a href=\"https:\/\/www.radiofiskars.fi\/wp-content\/uploads\/2024\/01\/Ajattelu-on-ilmaista-Tiina-Rosenberg-10.9.2015.mp3\">https:\/\/www.radiofiskars.fi\/wp-content\/uploads\/2024\/01\/Ajattelu-on-ilmaista-Tiina-Rosenberg-10.9.2015.mp3<\/a><\/audio><\/div><p class=\"powerpress_links powerpress_links_mp3\" style=\"margin-bottom: 1px !important;\">Podcast: <a href=\"https:\/\/www.radiofiskars.fi\/wp-content\/uploads\/2024\/01\/Ajattelu-on-ilmaista-Tiina-Rosenberg-10.9.2015.mp3\" class=\"powerpress_link_pinw\" target=\"_blank\" title=\"Play in new window\" onclick=\"return powerpress_pinw('https:\/\/www.radiofiskars.fi\/wordpress\/?powerpress_pinw=3266-podcast');\" rel=\"nofollow\">Play in new window<\/a><\/p><!--powerpress_player-->","protected":false},"excerpt":{"rendered":"<p>Ajattelu on ilmaista \u2013tapahtuman vieraana ollut Tukholman yliopiston teatteritieteen professori, yhteiskuntakeskustelija Tiina Rosenberg alustaa aiheesta: \u201dAjatuksia keskustelun ja sanomisen mahdollisuuksista taiteessa, mediassa ja ylip\u00e4\u00e4t\u00e4\u00e4n yhteiskunnassa. Onko keskusteluilmapiiriss\u00e4 eroja eri maissa?\u201d https:\/\/www.radiofiskars.fi\/wp-content\/uploads\/2024\/01\/Ajattelu-on-ilmaista-Tiina-Rosenberg-10.9.2015.mp3Podcast: Play in new window<\/p>\n","protected":false},"author":2,"featured_media":0,"comment_status":"open","ping_status":"open","sticky":false,"template":"","format":"standard","meta":{"footnotes":""},"categories":[2],"tags":[230,198],"class_list":["post-3266","post","type-post","status-publish","format-standard","hentry","category-ajattelu-on-ilmaista","tag-ajattelu-on-ilmaista","tag-tiina-rosenberg"],"_links":{"self":[{"href":"https:\/\/www.radiofiskars.fi\/wordpress\/wp-json\/wp\/v2\/posts\/3266","targetHints":{"allow":["GET"]}}],"collection":[{"href":"https:\/\/www.radiofiskars.fi\/wordpress\/wp-json\/wp\/v2\/posts"}],"about":[{"href":"https:\/\/www.radiofiskars.fi\/wordpress\/wp-json\/wp\/v2\/types\/post"}],"author":[{"embeddable":true,"href":"https:\/\/www.radiofiskars.fi\/wordpress\/wp-json\/wp\/v2\/users\/2"}],"replies":[{"embeddable":true,"href":"https:\/\/www.radiofiskars.fi\/wordpress\/wp-json\/wp\/v2\/comments?post=3266"}],"version-history":[{"count":2,"href":"https:\/\/www.radiofiskars.fi\/wordpress\/wp-json\/wp\/v2\/posts\/3266\/revisions"}],"predecessor-version":[{"id":8002,"href":"https:\/\/www.radiofiskars.fi\/wordpress\/wp-json\/wp\/v2\/posts\/3266\/revisions\/8002"}],"wp:attachment":[{"href":"https:\/\/www.radiofiskars.fi\/wordpress\/wp-json\/wp\/v2\/media?parent=3266"}],"wp:term":[{"taxonomy":"category","embeddable":true,"href":"https:\/\/www.radiofiskars.fi\/wordpress\/wp-json\/wp\/v2\/categories?post=3266"},{"taxonomy":"post_tag","embeddable":true,"href":"https:\/\/www.radiofiskars.fi\/wordpress\/wp-json\/wp\/v2\/tags?post=3266"}],"curies":[{"name":"wp","href":"https:\/\/api.w.org\/{rel}","templated":true}]}}