{"id":3329,"date":"2015-10-18T15:26:36","date_gmt":"2015-10-18T12:26:36","guid":{"rendered":"http:\/\/www.radiofiskars.fi\/?p=3329"},"modified":"2015-10-18T15:26:36","modified_gmt":"2015-10-18T12:26:36","slug":"fiskarsin-kasityolaisten-muotoilijoiden-ja-taiteilijoiden-osuuskunta-tanaan","status":"publish","type":"post","link":"https:\/\/www.radiofiskars.fi\/wordpress\/2015\/10\/fiskarsin-kasityolaisten-muotoilijoiden-ja-taiteilijoiden-osuuskunta-tanaan\/","title":{"rendered":"Fiskarsin k\u00e4sity\u00f6l\u00e4isten, muotoilijoiden ja taiteilijoiden osuuskunta t\u00e4n\u00e4\u00e4n"},"content":{"rendered":"<p>Fiskarsin k\u00e4sity\u00f6l\u00e4isten, muotoilijoiden ja taiteilijoiden osuuskunnan puheenjohtaja <strong>Camilla Moberg<\/strong> ja uusi n\u00e4yttelytuottaja <strong>Veera Pekkinen<\/strong> kertovat osuuskunnan vaiheista ja sen uusista visioista ja toimintamuodoista. Miten osuuskuntaan liityt\u00e4\u00e4n, kuka on Veera Pekkinen ja mit\u00e4 osuuskunnan kahdeskymmenes toimintavuosi tuo tullessaan. Toimittaja Anne Wirkkala.<\/p>\n<audio class=\"wp-audio-shortcode\" id=\"audio-3329-2\" preload=\"none\" style=\"width: 100%;\" controls=\"controls\"><source type=\"audio\/mpeg\" src=\"https:\/\/www.radiofiskars.fi\/wordpress\/wp-content\/uploads\/2015\/10\/Camilla-ja-Veera-w-256kbps.mp3?_=2\" \/><a href=\"https:\/\/www.radiofiskars.fi\/wordpress\/wp-content\/uploads\/2015\/10\/Camilla-ja-Veera-w-256kbps.mp3\">https:\/\/www.radiofiskars.fi\/wordpress\/wp-content\/uploads\/2015\/10\/Camilla-ja-Veera-w-256kbps.mp3<\/a><\/audio>\n<div class=\"powerpress_player\" id=\"powerpress_player_8817\"><audio class=\"wp-audio-shortcode\" id=\"audio-3329-1\" preload=\"none\" style=\"width: 100%;\" controls=\"controls\"><source type=\"audio\/mpeg\" src=\"http:\/\/www.radiofiskars.fi\/wordpress\/wp-content\/uploads\/2015\/10\/Camilla-ja-Veera-w-256kbps.mp3?_=1\" \/><a href=\"http:\/\/www.radiofiskars.fi\/wordpress\/wp-content\/uploads\/2015\/10\/Camilla-ja-Veera-w-256kbps.mp3\">http:\/\/www.radiofiskars.fi\/wordpress\/wp-content\/uploads\/2015\/10\/Camilla-ja-Veera-w-256kbps.mp3<\/a><\/audio><\/div><p class=\"powerpress_links powerpress_links_mp3\" style=\"margin-bottom: 1px !important;\">Podcast: <a href=\"http:\/\/www.radiofiskars.fi\/wordpress\/wp-content\/uploads\/2015\/10\/Camilla-ja-Veera-w-256kbps.mp3\" class=\"powerpress_link_pinw\" target=\"_blank\" title=\"Play in new window\" onclick=\"return powerpress_pinw('https:\/\/www.radiofiskars.fi\/wordpress\/?powerpress_pinw=3329-podcast');\" rel=\"nofollow\">Play in new window<\/a><\/p><!--powerpress_player-->","protected":false},"excerpt":{"rendered":"<p>Fiskarsin k\u00e4sity\u00f6l\u00e4isten, muotoilijoiden ja taiteilijoiden osuuskunnan puheenjohtaja Camilla Moberg ja uusi n\u00e4yttelytuottaja Veera Pekkinen kertovat osuuskunnan vaiheista ja sen uusista visioista ja toimintamuodoista. Miten osuuskuntaan liityt\u00e4\u00e4n, kuka on Veera Pekkinen ja mit\u00e4 osuuskunnan kahdeskymmenes toimintavuosi tuo tullessaan. Toimittaja Anne Wirkkala. https:\/\/www.radiofiskars.fi\/wordpress\/wp-content\/uploads\/2015\/10\/Camilla-ja-Veera-w-256kbps.mp3Podcast: Play in new window<\/p>\n","protected":false},"author":2,"featured_media":0,"comment_status":"open","ping_status":"open","sticky":false,"template":"","format":"standard","meta":{"footnotes":""},"categories":[9],"tags":[226,228,229,227],"class_list":["post-3329","post","type-post","status-publish","format-standard","hentry","category-ruukinjyviajaakanoita","tag-camilla-moberg","tag-fiskarsin-kasityolaisten","tag-muotoilijoiden-ja-taiteilijoiden-osuuskunta","tag-veera-pekkinen"],"_links":{"self":[{"href":"https:\/\/www.radiofiskars.fi\/wordpress\/wp-json\/wp\/v2\/posts\/3329","targetHints":{"allow":["GET"]}}],"collection":[{"href":"https:\/\/www.radiofiskars.fi\/wordpress\/wp-json\/wp\/v2\/posts"}],"about":[{"href":"https:\/\/www.radiofiskars.fi\/wordpress\/wp-json\/wp\/v2\/types\/post"}],"author":[{"embeddable":true,"href":"https:\/\/www.radiofiskars.fi\/wordpress\/wp-json\/wp\/v2\/users\/2"}],"replies":[{"embeddable":true,"href":"https:\/\/www.radiofiskars.fi\/wordpress\/wp-json\/wp\/v2\/comments?post=3329"}],"version-history":[{"count":1,"href":"https:\/\/www.radiofiskars.fi\/wordpress\/wp-json\/wp\/v2\/posts\/3329\/revisions"}],"predecessor-version":[{"id":3330,"href":"https:\/\/www.radiofiskars.fi\/wordpress\/wp-json\/wp\/v2\/posts\/3329\/revisions\/3330"}],"wp:attachment":[{"href":"https:\/\/www.radiofiskars.fi\/wordpress\/wp-json\/wp\/v2\/media?parent=3329"}],"wp:term":[{"taxonomy":"category","embeddable":true,"href":"https:\/\/www.radiofiskars.fi\/wordpress\/wp-json\/wp\/v2\/categories?post=3329"},{"taxonomy":"post_tag","embeddable":true,"href":"https:\/\/www.radiofiskars.fi\/wordpress\/wp-json\/wp\/v2\/tags?post=3329"}],"curies":[{"name":"wp","href":"https:\/\/api.w.org\/{rel}","templated":true}]}}