{"id":3358,"date":"2015-11-09T18:47:42","date_gmt":"2015-11-09T16:47:42","guid":{"rendered":"http:\/\/www.radiofiskars.fi\/?p=3358"},"modified":"2015-11-09T18:47:42","modified_gmt":"2015-11-09T16:47:42","slug":"esittelyssa-yhteisotaideryhma-cultura-mobila","status":"publish","type":"post","link":"https:\/\/www.radiofiskars.fi\/wordpress\/2015\/11\/esittelyssa-yhteisotaideryhma-cultura-mobila\/","title":{"rendered":"Esittelyss\u00e4 Yhteis\u00f6taideryhm\u00e4 Cultura Mobila"},"content":{"rendered":"<p>Yhteis\u00f6taideryhm\u00e4 Cultura Mobila osallistuu t\u00e4n\u00e4 vuonna Tuli &amp; Valo -festivaaliin Fiskarsissa. He j\u00e4rjest\u00e4v\u00e4t viisi monitaiteellista spektaakkelia Kuparipajan Mustassa salissa ja jokivarressa yhdess\u00e4 erilaisten paikallisten ryhmien kanssa. Haastattelussa lasten ohjaaja<strong> Anna Luhtasela,<\/strong> lapsiryhm\u00e4n n\u00e4yttelij\u00e4 <strong>Iiris S\u00f6derblom<\/strong> ja lapsesta asti mukana ollut nuori n\u00e4yttelij\u00e4 <strong>Minja N\u00e4tti<\/strong> valottavat nyt esitett\u00e4v\u00e4\u00e4 teosta Spoonfull &#8211; Lusikallinen ja kertovat omasta historiastaan Cultura Mobilassa.<\/p>\n<p>Ent\u00e4 mit\u00e4 yhdess\u00e4 toimiminen ja teatterin tekeminen antaa lapsille ja aikuisille? Haastattelija Anne Wirkkala<\/p>\n<audio class=\"wp-audio-shortcode\" id=\"audio-3358-2\" preload=\"none\" style=\"width: 100%;\" controls=\"controls\"><source type=\"audio\/mpeg\" src=\"https:\/\/www.radiofiskars.fi\/wordpress\/wp-content\/uploads\/2015\/11\/Cultura-Mobila-w.mp3?_=2\" \/><a href=\"https:\/\/www.radiofiskars.fi\/wordpress\/wp-content\/uploads\/2015\/11\/Cultura-Mobila-w.mp3\">https:\/\/www.radiofiskars.fi\/wordpress\/wp-content\/uploads\/2015\/11\/Cultura-Mobila-w.mp3<\/a><\/audio>\n<div class=\"powerpress_player\" id=\"powerpress_player_6250\"><audio class=\"wp-audio-shortcode\" id=\"audio-3358-1\" preload=\"none\" style=\"width: 100%;\" controls=\"controls\"><source type=\"audio\/mpeg\" src=\"http:\/\/www.radiofiskars.fi\/wordpress\/wp-content\/uploads\/2015\/11\/Cultura-Mobila-w.mp3?_=1\" \/><a href=\"http:\/\/www.radiofiskars.fi\/wordpress\/wp-content\/uploads\/2015\/11\/Cultura-Mobila-w.mp3\">http:\/\/www.radiofiskars.fi\/wordpress\/wp-content\/uploads\/2015\/11\/Cultura-Mobila-w.mp3<\/a><\/audio><\/div><p class=\"powerpress_links powerpress_links_mp3\" style=\"margin-bottom: 1px !important;\">Podcast: <a href=\"http:\/\/www.radiofiskars.fi\/wordpress\/wp-content\/uploads\/2015\/11\/Cultura-Mobila-w.mp3\" class=\"powerpress_link_pinw\" target=\"_blank\" title=\"Play in new window\" onclick=\"return powerpress_pinw('https:\/\/www.radiofiskars.fi\/wordpress\/?powerpress_pinw=3358-podcast');\" rel=\"nofollow\">Play in new window<\/a><\/p><!--powerpress_player-->","protected":false},"excerpt":{"rendered":"<p>Yhteis\u00f6taideryhm\u00e4 Cultura Mobila osallistuu t\u00e4n\u00e4 vuonna Tuli &amp; Valo -festivaaliin Fiskarsissa. He j\u00e4rjest\u00e4v\u00e4t viisi monitaiteellista spektaakkelia Kuparipajan Mustassa salissa ja jokivarressa yhdess\u00e4 erilaisten paikallisten ryhmien kanssa. Haastattelussa lasten ohjaaja Anna Luhtasela, lapsiryhm\u00e4n n\u00e4yttelij\u00e4 Iiris S\u00f6derblom ja lapsesta asti mukana ollut nuori n\u00e4yttelij\u00e4 Minja N\u00e4tti valottavat nyt esitett\u00e4v\u00e4\u00e4 teosta Spoonfull &#8211; Lusikallinen ja kertovat omasta historiastaan &hellip; <a href=\"https:\/\/www.radiofiskars.fi\/wordpress\/2015\/11\/esittelyssa-yhteisotaideryhma-cultura-mobila\/\" class=\"more-link\">Jatka lukemista <span class=\"screen-reader-text\">Esittelyss\u00e4 Yhteis\u00f6taideryhm\u00e4 Cultura Mobila<\/span> <span class=\"meta-nav\">&rarr;<\/span><\/a><\/p>\n","protected":false},"author":2,"featured_media":0,"comment_status":"open","ping_status":"open","sticky":false,"template":"","format":"standard","meta":{"footnotes":""},"categories":[5,9],"tags":[237,236,238,239],"class_list":["post-3358","post","type-post","status-publish","format-standard","hentry","category-haastattelut","category-ruukinjyviajaakanoita","tag-anna-luhtasela","tag-cultura-mobila","tag-iiris-soderblom","tag-minja-natti"],"_links":{"self":[{"href":"https:\/\/www.radiofiskars.fi\/wordpress\/wp-json\/wp\/v2\/posts\/3358","targetHints":{"allow":["GET"]}}],"collection":[{"href":"https:\/\/www.radiofiskars.fi\/wordpress\/wp-json\/wp\/v2\/posts"}],"about":[{"href":"https:\/\/www.radiofiskars.fi\/wordpress\/wp-json\/wp\/v2\/types\/post"}],"author":[{"embeddable":true,"href":"https:\/\/www.radiofiskars.fi\/wordpress\/wp-json\/wp\/v2\/users\/2"}],"replies":[{"embeddable":true,"href":"https:\/\/www.radiofiskars.fi\/wordpress\/wp-json\/wp\/v2\/comments?post=3358"}],"version-history":[{"count":1,"href":"https:\/\/www.radiofiskars.fi\/wordpress\/wp-json\/wp\/v2\/posts\/3358\/revisions"}],"predecessor-version":[{"id":3359,"href":"https:\/\/www.radiofiskars.fi\/wordpress\/wp-json\/wp\/v2\/posts\/3358\/revisions\/3359"}],"wp:attachment":[{"href":"https:\/\/www.radiofiskars.fi\/wordpress\/wp-json\/wp\/v2\/media?parent=3358"}],"wp:term":[{"taxonomy":"category","embeddable":true,"href":"https:\/\/www.radiofiskars.fi\/wordpress\/wp-json\/wp\/v2\/categories?post=3358"},{"taxonomy":"post_tag","embeddable":true,"href":"https:\/\/www.radiofiskars.fi\/wordpress\/wp-json\/wp\/v2\/tags?post=3358"}],"curies":[{"name":"wp","href":"https:\/\/api.w.org\/{rel}","templated":true}]}}