{"id":3472,"date":"2016-03-12T18:28:31","date_gmt":"2016-03-12T16:28:31","guid":{"rendered":"http:\/\/www.radiofiskars.fi\/?p=3472"},"modified":"2024-03-17T18:38:34","modified_gmt":"2024-03-17T16:38:34","slug":"karin-widnas-aiheena-kyllikki-salmenhaara","status":"publish","type":"post","link":"https:\/\/www.radiofiskars.fi\/wordpress\/2016\/03\/karin-widnas-aiheena-kyllikki-salmenhaara\/","title":{"rendered":"Karin Widn\u00e4s: Kyllikki Salmenhaara"},"content":{"rendered":"<p>Keraamikko <strong>Karin Widn\u00e4s<\/strong> kertoo <strong>Kyllikki Salmenhaaran<\/strong> el\u00e4m\u00e4nty\u00f6st\u00e4 keraamikkona, muotoilijana ja opettajana. Haastattelun j\u00e4lkeen Fiskarsissa j\u00e4rjestettyyn Kyllikki Salmenhaaran 100-vuotisjuhlan\u00e4yttelyyn. Toimittaja <strong>Helena Laatio<\/strong>.<\/p>\n<div class=\"powerpress_player\" id=\"powerpress_player_4934\"><audio class=\"wp-audio-shortcode\" id=\"audio-3472-1\" preload=\"none\" style=\"width: 100%;\" controls=\"controls\"><source type=\"audio\/mpeg\" src=\"https:\/\/www.radiofiskars.fi\/wp-content\/uploads\/2024\/03\/Kyllikki-Salmenhaara-12.3.2016.mp3?_=1\" \/><a href=\"https:\/\/www.radiofiskars.fi\/wp-content\/uploads\/2024\/03\/Kyllikki-Salmenhaara-12.3.2016.mp3\">https:\/\/www.radiofiskars.fi\/wp-content\/uploads\/2024\/03\/Kyllikki-Salmenhaara-12.3.2016.mp3<\/a><\/audio><\/div><p class=\"powerpress_links powerpress_links_mp3\" style=\"margin-bottom: 1px !important;\">Podcast: <a href=\"https:\/\/www.radiofiskars.fi\/wp-content\/uploads\/2024\/03\/Kyllikki-Salmenhaara-12.3.2016.mp3\" class=\"powerpress_link_pinw\" target=\"_blank\" title=\"Play in new window\" onclick=\"return powerpress_pinw('https:\/\/www.radiofiskars.fi\/wordpress\/?powerpress_pinw=3472-podcast');\" rel=\"nofollow\">Play in new window<\/a><\/p><!--powerpress_player-->","protected":false},"excerpt":{"rendered":"<p>Keraamikko Karin Widn\u00e4s kertoo Kyllikki Salmenhaaran el\u00e4m\u00e4nty\u00f6st\u00e4 keraamikkona, muotoilijana ja opettajana. Haastattelun j\u00e4lkeen Fiskarsissa j\u00e4rjestettyyn Kyllikki Salmenhaaran 100-vuotisjuhlan\u00e4yttelyyn. Toimittaja Helena Laatio. https:\/\/www.radiofiskars.fi\/wp-content\/uploads\/2024\/03\/Kyllikki-Salmenhaara-12.3.2016.mp3Podcast: Play in new window<\/p>\n","protected":false},"author":2,"featured_media":0,"comment_status":"open","ping_status":"open","sticky":false,"template":"","format":"standard","meta":{"footnotes":""},"categories":[5],"tags":[1254,266,267],"class_list":["post-3472","post","type-post","status-publish","format-standard","hentry","category-haastattelut","tag-helena-laatio","tag-karin-widnas","tag-kyllikki-salmenhaara"],"_links":{"self":[{"href":"https:\/\/www.radiofiskars.fi\/wordpress\/wp-json\/wp\/v2\/posts\/3472","targetHints":{"allow":["GET"]}}],"collection":[{"href":"https:\/\/www.radiofiskars.fi\/wordpress\/wp-json\/wp\/v2\/posts"}],"about":[{"href":"https:\/\/www.radiofiskars.fi\/wordpress\/wp-json\/wp\/v2\/types\/post"}],"author":[{"embeddable":true,"href":"https:\/\/www.radiofiskars.fi\/wordpress\/wp-json\/wp\/v2\/users\/2"}],"replies":[{"embeddable":true,"href":"https:\/\/www.radiofiskars.fi\/wordpress\/wp-json\/wp\/v2\/comments?post=3472"}],"version-history":[{"count":4,"href":"https:\/\/www.radiofiskars.fi\/wordpress\/wp-json\/wp\/v2\/posts\/3472\/revisions"}],"predecessor-version":[{"id":8371,"href":"https:\/\/www.radiofiskars.fi\/wordpress\/wp-json\/wp\/v2\/posts\/3472\/revisions\/8371"}],"wp:attachment":[{"href":"https:\/\/www.radiofiskars.fi\/wordpress\/wp-json\/wp\/v2\/media?parent=3472"}],"wp:term":[{"taxonomy":"category","embeddable":true,"href":"https:\/\/www.radiofiskars.fi\/wordpress\/wp-json\/wp\/v2\/categories?post=3472"},{"taxonomy":"post_tag","embeddable":true,"href":"https:\/\/www.radiofiskars.fi\/wordpress\/wp-json\/wp\/v2\/tags?post=3472"}],"curies":[{"name":"wp","href":"https:\/\/api.w.org\/{rel}","templated":true}]}}