{"id":3715,"date":"2016-07-22T20:09:01","date_gmt":"2016-07-22T17:09:01","guid":{"rendered":"http:\/\/www.radiofiskars.fi\/?p=3715"},"modified":"2016-07-22T20:09:01","modified_gmt":"2016-07-22T17:09:01","slug":"borje-mattsson-faces-5-7-8-fiskarsissa","status":"publish","type":"post","link":"https:\/\/www.radiofiskars.fi\/wordpress\/2016\/07\/borje-mattsson-faces-5-7-8-fiskarsissa\/","title":{"rendered":"B\u00f6rje Mattsson: Faces 5.-7.8. Fiskarsissa"},"content":{"rendered":"<p>Elokuun 5.-7.2016 Fiskarsissa j\u00e4rjestett\u00e4v\u00e4n Faces-festivaalin j\u00e4rjestelyt ovat loppusuoralla. Festivaalijohtaja <strong>B\u00f6rje Mattsson<\/strong> kertoo mit\u00e4 Facesille nyt kuuluu. Toimittaja Suvi Heino<\/p>\n<audio class=\"wp-audio-shortcode\" id=\"audio-3715-2\" preload=\"none\" style=\"width: 100%;\" controls=\"controls\"><source type=\"audio\/mpeg\" src=\"https:\/\/www.radiofiskars.fi\/wordpress\/wp-content\/uploads\/2016\/07\/Borje-Mattsson-faces-heina-2016-w-305kbps.mp3?_=2\" \/><a href=\"https:\/\/www.radiofiskars.fi\/wordpress\/wp-content\/uploads\/2016\/07\/Borje-Mattsson-faces-heina-2016-w-305kbps.mp3\">https:\/\/www.radiofiskars.fi\/wordpress\/wp-content\/uploads\/2016\/07\/Borje-Mattsson-faces-heina-2016-w-305kbps.mp3<\/a><\/audio>\n<div class=\"powerpress_player\" id=\"powerpress_player_6177\"><audio class=\"wp-audio-shortcode\" id=\"audio-3715-1\" preload=\"none\" style=\"width: 100%;\" controls=\"controls\"><source type=\"audio\/mpeg\" src=\"http:\/\/www.radiofiskars.fi\/wordpress\/wp-content\/uploads\/2016\/07\/Borje-Mattsson-faces-heina-2016-w-305kbps.mp3?_=1\" \/><a href=\"http:\/\/www.radiofiskars.fi\/wordpress\/wp-content\/uploads\/2016\/07\/Borje-Mattsson-faces-heina-2016-w-305kbps.mp3\">http:\/\/www.radiofiskars.fi\/wordpress\/wp-content\/uploads\/2016\/07\/Borje-Mattsson-faces-heina-2016-w-305kbps.mp3<\/a><\/audio><\/div><p class=\"powerpress_links powerpress_links_mp3\" style=\"margin-bottom: 1px !important;\">Podcast: <a href=\"http:\/\/www.radiofiskars.fi\/wordpress\/wp-content\/uploads\/2016\/07\/Borje-Mattsson-faces-heina-2016-w-305kbps.mp3\" class=\"powerpress_link_pinw\" target=\"_blank\" title=\"Play in new window\" onclick=\"return powerpress_pinw('https:\/\/www.radiofiskars.fi\/wordpress\/?powerpress_pinw=3715-podcast');\" rel=\"nofollow\">Play in new window<\/a><\/p><!--powerpress_player-->","protected":false},"excerpt":{"rendered":"<p>Elokuun 5.-7.2016 Fiskarsissa j\u00e4rjestett\u00e4v\u00e4n Faces-festivaalin j\u00e4rjestelyt ovat loppusuoralla. Festivaalijohtaja B\u00f6rje Mattsson kertoo mit\u00e4 Facesille nyt kuuluu. Toimittaja Suvi Heino https:\/\/www.radiofiskars.fi\/wordpress\/wp-content\/uploads\/2016\/07\/Borje-Mattsson-faces-heina-2016-w-305kbps.mp3Podcast: Play in new window<\/p>\n","protected":false},"author":2,"featured_media":0,"comment_status":"open","ping_status":"open","sticky":false,"template":"","format":"standard","meta":{"footnotes":""},"categories":[5],"tags":[253,252],"class_list":["post-3715","post","type-post","status-publish","format-standard","hentry","category-haastattelut","tag-borje-mattsson","tag-faces"],"_links":{"self":[{"href":"https:\/\/www.radiofiskars.fi\/wordpress\/wp-json\/wp\/v2\/posts\/3715","targetHints":{"allow":["GET"]}}],"collection":[{"href":"https:\/\/www.radiofiskars.fi\/wordpress\/wp-json\/wp\/v2\/posts"}],"about":[{"href":"https:\/\/www.radiofiskars.fi\/wordpress\/wp-json\/wp\/v2\/types\/post"}],"author":[{"embeddable":true,"href":"https:\/\/www.radiofiskars.fi\/wordpress\/wp-json\/wp\/v2\/users\/2"}],"replies":[{"embeddable":true,"href":"https:\/\/www.radiofiskars.fi\/wordpress\/wp-json\/wp\/v2\/comments?post=3715"}],"version-history":[{"count":1,"href":"https:\/\/www.radiofiskars.fi\/wordpress\/wp-json\/wp\/v2\/posts\/3715\/revisions"}],"predecessor-version":[{"id":3716,"href":"https:\/\/www.radiofiskars.fi\/wordpress\/wp-json\/wp\/v2\/posts\/3715\/revisions\/3716"}],"wp:attachment":[{"href":"https:\/\/www.radiofiskars.fi\/wordpress\/wp-json\/wp\/v2\/media?parent=3715"}],"wp:term":[{"taxonomy":"category","embeddable":true,"href":"https:\/\/www.radiofiskars.fi\/wordpress\/wp-json\/wp\/v2\/categories?post=3715"},{"taxonomy":"post_tag","embeddable":true,"href":"https:\/\/www.radiofiskars.fi\/wordpress\/wp-json\/wp\/v2\/tags?post=3715"}],"curies":[{"name":"wp","href":"https:\/\/api.w.org\/{rel}","templated":true}]}}