{"id":3811,"date":"2016-10-17T11:09:45","date_gmt":"2016-10-17T08:09:45","guid":{"rendered":"http:\/\/www.radiofiskars.fi\/?p=3811"},"modified":"2016-10-18T13:25:48","modified_gmt":"2016-10-18T10:25:48","slug":"haastateltavana-saara-kantanen","status":"publish","type":"post","link":"https:\/\/www.radiofiskars.fi\/wordpress\/2016\/10\/haastateltavana-saara-kantanen\/","title":{"rendered":"Haastateltavana Saara Kantanen"},"content":{"rendered":"<figure id=\"attachment_3826\" aria-describedby=\"caption-attachment-3826\" style=\"width: 300px\" class=\"wp-caption alignnone\"><a href=\"https:\/\/www.radiofiskars.fi\/wordpress\/wp-content\/uploads\/2016\/10\/saara.jpg\"><img loading=\"lazy\" decoding=\"async\" class=\"size-medium wp-image-3826\" src=\"https:\/\/www.radiofiskars.fi\/wordpress\/wp-content\/uploads\/2016\/10\/saara-300x169.jpg\" alt=\"Saara ja lampaat laitumella\" width=\"300\" height=\"169\" srcset=\"https:\/\/www.radiofiskars.fi\/wp-content\/uploads\/2016\/10\/saara-300x169.jpg 300w, https:\/\/www.radiofiskars.fi\/wp-content\/uploads\/2016\/10\/saara-768x433.jpg 768w, https:\/\/www.radiofiskars.fi\/wp-content\/uploads\/2016\/10\/saara-1024x577.jpg 1024w, https:\/\/www.radiofiskars.fi\/wp-content\/uploads\/2016\/10\/saara.jpg 2048w\" sizes=\"auto, (max-width: 300px) 100vw, 300px\" \/><\/a><figcaption id=\"caption-attachment-3826\" class=\"wp-caption-text\">Saara ja lampaat laitumella\u00a0\u00a0\u00a0\u00a0\u00a0\u00a0\u00a0\u00a0\u00a0\u00a0\u00a0\u00a0\u00a0\u00a0\u00a0\u00a0\u00a0\u00a0\u00a0\u00a0\u00a0\u00a0\u00a0\u00a0\u00a0\u00a0\u00a0\u00a0\u00a0 (kuva: Jarno Kantanen)<\/figcaption><\/figure>\n<p>Billn\u00e4sin Kurjennokassa lampuri, ompelija, k\u00e4sity\u00f6l\u00e4inen <strong>Saara Kantanen<\/strong> kertoo maanl\u00e4heisest\u00e4 el\u00e4m\u00e4st\u00e4\u00e4n, el\u00e4inten hoidon vaikutuksesta ihmisten hyvinvointiin ja mit\u00e4 <em>Kurjennokan<\/em> talossa ja puutarhassa syksyll\u00e4 tapahtuu. Toimittaja <strong>Anne Wirkkala<\/strong><\/p>\n<audio class=\"wp-audio-shortcode\" id=\"audio-3811-2\" preload=\"none\" style=\"width: 100%;\" controls=\"controls\"><source type=\"audio\/mpeg\" src=\"https:\/\/www.radiofiskars.fi\/wordpress\/wp-content\/uploads\/2016\/10\/unknown-Saara-Kantanen-w-305kbps.mp3?_=2\" \/><a href=\"https:\/\/www.radiofiskars.fi\/wordpress\/wp-content\/uploads\/2016\/10\/unknown-Saara-Kantanen-w-305kbps.mp3\">https:\/\/www.radiofiskars.fi\/wordpress\/wp-content\/uploads\/2016\/10\/unknown-Saara-Kantanen-w-305kbps.mp3<\/a><\/audio>\n<p><strong>\u00a0<\/strong><\/p>\n<div class=\"powerpress_player\" id=\"powerpress_player_8145\"><audio class=\"wp-audio-shortcode\" id=\"audio-3811-1\" preload=\"none\" style=\"width: 100%;\" controls=\"controls\"><source type=\"audio\/mpeg\" src=\"http:\/\/www.radiofiskars.fi\/wordpress\/wp-content\/uploads\/2016\/10\/unknown-Saara-Kantanen-w-305kbps.mp3?_=1\" \/><a href=\"http:\/\/www.radiofiskars.fi\/wordpress\/wp-content\/uploads\/2016\/10\/unknown-Saara-Kantanen-w-305kbps.mp3\">http:\/\/www.radiofiskars.fi\/wordpress\/wp-content\/uploads\/2016\/10\/unknown-Saara-Kantanen-w-305kbps.mp3<\/a><\/audio><\/div><p class=\"powerpress_links powerpress_links_mp3\" style=\"margin-bottom: 1px !important;\">Podcast: <a href=\"http:\/\/www.radiofiskars.fi\/wordpress\/wp-content\/uploads\/2016\/10\/unknown-Saara-Kantanen-w-305kbps.mp3\" class=\"powerpress_link_pinw\" target=\"_blank\" title=\"Play in new window\" onclick=\"return powerpress_pinw('https:\/\/www.radiofiskars.fi\/wordpress\/?powerpress_pinw=3811-podcast');\" rel=\"nofollow\">Play in new window<\/a><\/p><!--powerpress_player-->","protected":false},"excerpt":{"rendered":"<p>Billn\u00e4sin Kurjennokassa lampuri, ompelija, k\u00e4sity\u00f6l\u00e4inen Saara Kantanen kertoo maanl\u00e4heisest\u00e4 el\u00e4m\u00e4st\u00e4\u00e4n, el\u00e4inten hoidon vaikutuksesta ihmisten hyvinvointiin ja mit\u00e4 Kurjennokan talossa ja puutarhassa syksyll\u00e4 tapahtuu. Toimittaja Anne Wirkkala \u00a0 https:\/\/www.radiofiskars.fi\/wordpress\/wp-content\/uploads\/2016\/10\/unknown-Saara-Kantanen-w-305kbps.mp3Podcast: Play in new window<\/p>\n","protected":false},"author":2,"featured_media":0,"comment_status":"open","ping_status":"open","sticky":false,"template":"","format":"standard","meta":{"footnotes":""},"categories":[5],"tags":[263,358],"class_list":["post-3811","post","type-post","status-publish","format-standard","hentry","category-haastattelut","tag-kurjennokka","tag-saara-kantanen"],"_links":{"self":[{"href":"https:\/\/www.radiofiskars.fi\/wordpress\/wp-json\/wp\/v2\/posts\/3811","targetHints":{"allow":["GET"]}}],"collection":[{"href":"https:\/\/www.radiofiskars.fi\/wordpress\/wp-json\/wp\/v2\/posts"}],"about":[{"href":"https:\/\/www.radiofiskars.fi\/wordpress\/wp-json\/wp\/v2\/types\/post"}],"author":[{"embeddable":true,"href":"https:\/\/www.radiofiskars.fi\/wordpress\/wp-json\/wp\/v2\/users\/2"}],"replies":[{"embeddable":true,"href":"https:\/\/www.radiofiskars.fi\/wordpress\/wp-json\/wp\/v2\/comments?post=3811"}],"version-history":[{"count":5,"href":"https:\/\/www.radiofiskars.fi\/wordpress\/wp-json\/wp\/v2\/posts\/3811\/revisions"}],"predecessor-version":[{"id":3829,"href":"https:\/\/www.radiofiskars.fi\/wordpress\/wp-json\/wp\/v2\/posts\/3811\/revisions\/3829"}],"wp:attachment":[{"href":"https:\/\/www.radiofiskars.fi\/wordpress\/wp-json\/wp\/v2\/media?parent=3811"}],"wp:term":[{"taxonomy":"category","embeddable":true,"href":"https:\/\/www.radiofiskars.fi\/wordpress\/wp-json\/wp\/v2\/categories?post=3811"},{"taxonomy":"post_tag","embeddable":true,"href":"https:\/\/www.radiofiskars.fi\/wordpress\/wp-json\/wp\/v2\/tags?post=3811"}],"curies":[{"name":"wp","href":"https:\/\/api.w.org\/{rel}","templated":true}]}}