{"id":3841,"date":"2016-11-07T09:56:07","date_gmt":"2016-11-07T07:56:07","guid":{"rendered":"http:\/\/www.radiofiskars.fi\/?p=3841"},"modified":"2016-11-08T13:22:22","modified_gmt":"2016-11-08T11:22:22","slug":"krista-vajanto-vareista-ja-varjaamisesta-rautakaudella","status":"publish","type":"post","link":"https:\/\/www.radiofiskars.fi\/wordpress\/2016\/11\/krista-vajanto-vareista-ja-varjaamisesta-rautakaudella\/","title":{"rendered":"Krista Vajanto: V\u00e4reist\u00e4 ja v\u00e4rj\u00e4\u00e4misest\u00e4 rautakaudella"},"content":{"rendered":"<p><a href=\"https:\/\/www.radiofiskars.fi\/wordpress\/wp-content\/uploads\/2016\/11\/20161029_154132.jpg\"><img loading=\"lazy\" decoding=\"async\" class=\"alignleft wp-image-3831 size-thumbnail\" src=\"https:\/\/www.radiofiskars.fi\/wordpress\/wp-content\/uploads\/2016\/11\/20161029_154132-e1478505207207-150x150.jpg\" alt=\"20161029_154132\" width=\"150\" height=\"150\" \/><\/a><\/p>\n<p>Liedon Vanhalinnassa j\u00e4rjestettiin lokakuun lopulla &#8221;<em>Spiraaleja ja kulkusia It\u00e4meren rannoilta<\/em>&#8221; -seminaari, jossa k\u00e4siteltiin muinaisia tekstiilej\u00e4, tekniikoita ja materiaaleja. <strong>Anne Wirkkala<\/strong> osallistui seminaariin ja taltioi esitelm\u00e4n\u00a0 &#8221;<em>V\u00e4reist\u00e4 ja v\u00e4rj\u00e4\u00e4misest\u00e4 rautakaudella<\/em>&#8221;, jonka piti <strong>Krista Vajanto<\/strong> Aalto yliopistosta. Esitelm\u00e4ss\u00e4 Vajanto k\u00e4y l\u00e4pi v\u00e4it\u00f6skirjaansa aiheesta: <em>Dyes and Dyeing Methods in Late Iron Age Finland 2016. <\/em>Seminaarin j\u00e4rjesti Raseko<em>.<\/em><br \/>\n<a href=\"https:\/\/helda.helsinki.fi\/handle\/10138\/159210\">https:\/\/helda.helsinki.fi\/handle\/10138\/159210<\/a><\/p>\n<audio class=\"wp-audio-shortcode\" id=\"audio-3841-2\" preload=\"none\" style=\"width: 100%;\" controls=\"controls\"><source type=\"audio\/mpeg\" src=\"https:\/\/www.radiofiskars.fi\/wordpress\/wp-content\/uploads\/2016\/11\/unknown-Krista-Vajanto-va\u0308reista\u0308-ja-w-320kbps.mp3?_=2\" \/><a href=\"https:\/\/www.radiofiskars.fi\/wordpress\/wp-content\/uploads\/2016\/11\/unknown-Krista-Vajanto-va\u0308reista\u0308-ja-w-320kbps.mp3\">https:\/\/www.radiofiskars.fi\/wordpress\/wp-content\/uploads\/2016\/11\/unknown-Krista-Vajanto-va\u0308reista\u0308-ja-w-320kbps.mp3<\/a><\/audio>\n<div class=\"powerpress_player\" id=\"powerpress_player_4008\"><audio class=\"wp-audio-shortcode\" id=\"audio-3841-1\" preload=\"none\" style=\"width: 100%;\" controls=\"controls\"><source type=\"audio\/mpeg\" src=\"http:\/\/www.radiofiskars.fi\/wordpress\/wp-content\/uploads\/2016\/11\/unknown-Krista-Vajanto-va\u0308reista\u0308-ja-w-320kbps.mp3?_=1\" \/><a href=\"http:\/\/www.radiofiskars.fi\/wordpress\/wp-content\/uploads\/2016\/11\/unknown-Krista-Vajanto-va\u0308reista\u0308-ja-w-320kbps.mp3\">http:\/\/www.radiofiskars.fi\/wordpress\/wp-content\/uploads\/2016\/11\/unknown-Krista-Vajanto-va\u0308reista\u0308-ja-w-320kbps.mp3<\/a><\/audio><\/div><p class=\"powerpress_links powerpress_links_mp3\" style=\"margin-bottom: 1px !important;\">Podcast: <a href=\"http:\/\/www.radiofiskars.fi\/wordpress\/wp-content\/uploads\/2016\/11\/unknown-Krista-Vajanto-va\u0308reista\u0308-ja-w-320kbps.mp3\" class=\"powerpress_link_pinw\" target=\"_blank\" title=\"Play in new window\" onclick=\"return powerpress_pinw('https:\/\/www.radiofiskars.fi\/wordpress\/?powerpress_pinw=3841-podcast');\" rel=\"nofollow\">Play in new window<\/a><\/p><!--powerpress_player-->","protected":false},"excerpt":{"rendered":"<p>Liedon Vanhalinnassa j\u00e4rjestettiin lokakuun lopulla &#8221;Spiraaleja ja kulkusia It\u00e4meren rannoilta&#8221; -seminaari, jossa k\u00e4siteltiin muinaisia tekstiilej\u00e4, tekniikoita ja materiaaleja. Anne Wirkkala osallistui seminaariin ja taltioi esitelm\u00e4n\u00a0 &#8221;V\u00e4reist\u00e4 ja v\u00e4rj\u00e4\u00e4misest\u00e4 rautakaudella&#8221;, jonka piti Krista Vajanto Aalto yliopistosta. Esitelm\u00e4ss\u00e4 Vajanto k\u00e4y l\u00e4pi v\u00e4it\u00f6skirjaansa aiheesta: Dyes and Dyeing Methods in Late Iron Age Finland 2016. Seminaarin j\u00e4rjesti Raseko. https:\/\/helda.helsinki.fi\/handle\/10138\/159210 &hellip; <a href=\"https:\/\/www.radiofiskars.fi\/wordpress\/2016\/11\/krista-vajanto-vareista-ja-varjaamisesta-rautakaudella\/\" class=\"more-link\">Jatka lukemista <span class=\"screen-reader-text\">Krista Vajanto: V\u00e4reist\u00e4 ja v\u00e4rj\u00e4\u00e4misest\u00e4 rautakaudella<\/span> <span class=\"meta-nav\">&rarr;<\/span><\/a><\/p>\n","protected":false},"author":2,"featured_media":0,"comment_status":"open","ping_status":"open","sticky":false,"template":"","format":"standard","meta":{"footnotes":""},"categories":[51],"tags":[362,363],"class_list":["post-3841","post","type-post","status-publish","format-standard","hentry","category-tapahtumataltioinnit","tag-krista-vajanto","tag-varit"],"_links":{"self":[{"href":"https:\/\/www.radiofiskars.fi\/wordpress\/wp-json\/wp\/v2\/posts\/3841","targetHints":{"allow":["GET"]}}],"collection":[{"href":"https:\/\/www.radiofiskars.fi\/wordpress\/wp-json\/wp\/v2\/posts"}],"about":[{"href":"https:\/\/www.radiofiskars.fi\/wordpress\/wp-json\/wp\/v2\/types\/post"}],"author":[{"embeddable":true,"href":"https:\/\/www.radiofiskars.fi\/wordpress\/wp-json\/wp\/v2\/users\/2"}],"replies":[{"embeddable":true,"href":"https:\/\/www.radiofiskars.fi\/wordpress\/wp-json\/wp\/v2\/comments?post=3841"}],"version-history":[{"count":3,"href":"https:\/\/www.radiofiskars.fi\/wordpress\/wp-json\/wp\/v2\/posts\/3841\/revisions"}],"predecessor-version":[{"id":3857,"href":"https:\/\/www.radiofiskars.fi\/wordpress\/wp-json\/wp\/v2\/posts\/3841\/revisions\/3857"}],"wp:attachment":[{"href":"https:\/\/www.radiofiskars.fi\/wordpress\/wp-json\/wp\/v2\/media?parent=3841"}],"wp:term":[{"taxonomy":"category","embeddable":true,"href":"https:\/\/www.radiofiskars.fi\/wordpress\/wp-json\/wp\/v2\/categories?post=3841"},{"taxonomy":"post_tag","embeddable":true,"href":"https:\/\/www.radiofiskars.fi\/wordpress\/wp-json\/wp\/v2\/tags?post=3841"}],"curies":[{"name":"wp","href":"https:\/\/api.w.org\/{rel}","templated":true}]}}