{"id":3954,"date":"2017-03-26T11:18:33","date_gmt":"2017-03-26T08:18:33","guid":{"rendered":"http:\/\/www.radiofiskars.fi\/?p=3954"},"modified":"2024-04-05T10:45:35","modified_gmt":"2024-04-05T07:45:35","slug":"j-k-ihalainen-sarjetty-maa","status":"publish","type":"post","link":"https:\/\/www.radiofiskars.fi\/wordpress\/2017\/03\/j-k-ihalainen-sarjetty-maa\/","title":{"rendered":"J.K. Ihalainen: S\u00e4rjetty maa"},"content":{"rendered":"<p>\u201dNykyaikainen turisti ei p\u00e4\u00e4dy myrkkynuolisateeseen tai keih\u00e4stett\u00e4v\u00e4ksi pataan, vaan h\u00e4n liikkuu ik\u00e4\u00e4n-kuin-maisemassa, kulisseissa.\u201d Ote on Siemenpuun teemajulkaisusarjan kirjasta <em>S\u00e4rjetty maa<\/em> &#8211; <em>tarinoita etel\u00e4st\u00e4 ja pohjoisesta, <\/em>jonka tarinat ja kohtaamiset kuljettavat lukijan kulissien taakse.<\/p>\n<p>Kirjan toimittaja, runoilija <strong>J.K Ihalainen<\/strong> vieraili Radiofiskarsissa kertomassa S\u00e4rjetyn maan taustoista. Tarinoiden ohessa kuullaan Ihalaisen runoja, joihin musiikin on s\u00e4velt\u00e4nyt <strong>S\u00e1ndor V\u00e1ly<\/strong>.<\/p>\n<p><em>S\u00e4rjetty maa<\/em> &#8211; <em>tarinoita etel\u00e4st\u00e4 ja pohjoisesta<\/em>: Siemenpuu-s\u00e4\u00e4ti\u00f6 ja Kustannusosakeyhti\u00f6 Sammakko, 2015<\/p>\n<div class=\"powerpress_player\" id=\"powerpress_player_8028\"><audio class=\"wp-audio-shortcode\" id=\"audio-3954-1\" preload=\"none\" style=\"width: 100%;\" controls=\"controls\"><source type=\"audio\/mpeg\" src=\"http:\/\/radiofiskars.fi\/wordpress\/wp-content\/uploads\/2017\/03\/Sarjetty-maa-spiikilla-Jysky-w.mp3?_=1\" \/><a href=\"http:\/\/radiofiskars.fi\/wordpress\/wp-content\/uploads\/2017\/03\/Sarjetty-maa-spiikilla-Jysky-w.mp3\">http:\/\/radiofiskars.fi\/wordpress\/wp-content\/uploads\/2017\/03\/Sarjetty-maa-spiikilla-Jysky-w.mp3<\/a><\/audio><\/div><p class=\"powerpress_links powerpress_links_mp3\" style=\"margin-bottom: 1px !important;\">Podcast: <a href=\"http:\/\/radiofiskars.fi\/wordpress\/wp-content\/uploads\/2017\/03\/Sarjetty-maa-spiikilla-Jysky-w.mp3\" class=\"powerpress_link_pinw\" target=\"_blank\" title=\"Play in new window\" onclick=\"return powerpress_pinw('https:\/\/www.radiofiskars.fi\/wordpress\/?powerpress_pinw=3954-podcast');\" rel=\"nofollow\">Play in new window<\/a><\/p><!--powerpress_player-->","protected":false},"excerpt":{"rendered":"<p>\u201dNykyaikainen turisti ei p\u00e4\u00e4dy myrkkynuolisateeseen tai keih\u00e4stett\u00e4v\u00e4ksi pataan, vaan h\u00e4n liikkuu ik\u00e4\u00e4n-kuin-maisemassa, kulisseissa.\u201d Ote on Siemenpuun teemajulkaisusarjan kirjasta S\u00e4rjetty maa &#8211; tarinoita etel\u00e4st\u00e4 ja pohjoisesta, jonka tarinat ja kohtaamiset kuljettavat lukijan kulissien taakse. Kirjan toimittaja, runoilija J.K Ihalainen vieraili Radiofiskarsissa kertomassa S\u00e4rjetyn maan taustoista. Tarinoiden ohessa kuullaan Ihalaisen runoja, joihin musiikin on s\u00e4velt\u00e4nyt S\u00e1ndor V\u00e1ly. &hellip; <a href=\"https:\/\/www.radiofiskars.fi\/wordpress\/2017\/03\/j-k-ihalainen-sarjetty-maa\/\" class=\"more-link\">Jatka lukemista <span class=\"screen-reader-text\">J.K. Ihalainen: S\u00e4rjetty maa<\/span> <span class=\"meta-nav\">&rarr;<\/span><\/a><\/p>\n","protected":false},"author":2,"featured_media":0,"comment_status":"open","ping_status":"open","sticky":false,"template":"","format":"standard","meta":{"footnotes":""},"categories":[476],"tags":[390,392,391],"class_list":["post-3954","post","type-post","status-publish","format-standard","hentry","category-kirjallisuus","tag-j-k-ihalainen","tag-sandor-valy","tag-sarjetty-maa"],"_links":{"self":[{"href":"https:\/\/www.radiofiskars.fi\/wordpress\/wp-json\/wp\/v2\/posts\/3954","targetHints":{"allow":["GET"]}}],"collection":[{"href":"https:\/\/www.radiofiskars.fi\/wordpress\/wp-json\/wp\/v2\/posts"}],"about":[{"href":"https:\/\/www.radiofiskars.fi\/wordpress\/wp-json\/wp\/v2\/types\/post"}],"author":[{"embeddable":true,"href":"https:\/\/www.radiofiskars.fi\/wordpress\/wp-json\/wp\/v2\/users\/2"}],"replies":[{"embeddable":true,"href":"https:\/\/www.radiofiskars.fi\/wordpress\/wp-json\/wp\/v2\/comments?post=3954"}],"version-history":[{"count":4,"href":"https:\/\/www.radiofiskars.fi\/wordpress\/wp-json\/wp\/v2\/posts\/3954\/revisions"}],"predecessor-version":[{"id":7932,"href":"https:\/\/www.radiofiskars.fi\/wordpress\/wp-json\/wp\/v2\/posts\/3954\/revisions\/7932"}],"wp:attachment":[{"href":"https:\/\/www.radiofiskars.fi\/wordpress\/wp-json\/wp\/v2\/media?parent=3954"}],"wp:term":[{"taxonomy":"category","embeddable":true,"href":"https:\/\/www.radiofiskars.fi\/wordpress\/wp-json\/wp\/v2\/categories?post=3954"},{"taxonomy":"post_tag","embeddable":true,"href":"https:\/\/www.radiofiskars.fi\/wordpress\/wp-json\/wp\/v2\/tags?post=3954"}],"curies":[{"name":"wp","href":"https:\/\/api.w.org\/{rel}","templated":true}]}}