{"id":4367,"date":"2018-03-04T17:39:43","date_gmt":"2018-03-04T15:39:43","guid":{"rendered":"http:\/\/www.radiofiskars.fi\/?p=4367"},"modified":"2018-03-04T17:39:43","modified_gmt":"2018-03-04T15:39:43","slug":"ohjelmassa-nyt-24","status":"publish","type":"post","link":"https:\/\/www.radiofiskars.fi\/wordpress\/2018\/03\/ohjelmassa-nyt-24\/","title":{"rendered":"Ohjelmassa nyt"},"content":{"rendered":"<p><a href=\"http:\/\/www.radiofiskars.fi\">www.radiofiskars.fi<\/a><\/p>\n<p>suora linkki kuunteluun <a href=\"http:\/\/www.radiofiskars.fi\/radio\/radio.php\">http:\/\/www.radiofiskars.fi\/radio\/radio.php<\/a><\/p>\n<p><strong>\u00a0<\/strong><strong>klo 08.00<\/strong> <strong>Feathr Oy<\/strong> on sisustusalan yritys, jonka p\u00e4\u00e4toimialana on taiteellinen luominen. Sen mallistossa on jo 80\u00a0 taiteilijan sein\u00e4tapetteja, -kuvia ja tekstiilej\u00e4. Fiskarsin Veitsitehtaan lis\u00e4ksi yritys l\u00f6ytyy my\u00f6s Helsingist\u00e4, Berliinist\u00e4, Lontoosta ja Balilta. <strong>Anne Puukko<\/strong> kertoo haastattelussa perheyrityksen taipaleesta kansainv\u00e4lisesti tunnetuksi taidetapettiyritykseksi. Lis\u00e4tietoa osoitteessa <a href=\"http:\/\/www.feathr.com\">www.feathr.com<\/a> Suvi Heino<\/p>\n<p><strong>klo 08.28<\/strong> V\u00e4litila on Karjaan suomalaisen yhteiskoulun <strong>JOPO-luokan <\/strong>oppilaiden ja dramaturgi<strong> Sussa Lavosen<\/strong> kanssa yhdess\u00e4 toteuttama \u00e4\u00e4niteos. Se k\u00e4sittelee nuorten paikkaa el\u00e4m\u00e4n ja ymp\u00e4rist\u00f6n v\u00e4litilassa. Teos osallistuu my\u00f6s t\u00e4m\u00e4nvuotiseen yhteispohjoismaiseen Shortdox-kilpailuun. V\u00e4litila on<strong> Radiofiskarsin<\/strong> tuotantoa<\/p>\n<p><strong>klo 08.40<\/strong> Onoman Fiskars AiR residenssiss\u00e4 helmikuussa 2018 vieraili meksikolainen valokuvaaja <strong>Il\u00e1n Rabchinskey<\/strong>. Seuraavassa kuulemme englanninkielisen taltioinnin Pienelt\u00e4 keltaiselta talolta, jossa residenssitaiteilija kertoo urastaan, valokuvistaan ja niiden syntyprosesseista. (Kuuntelun ohessa voit katsella teoksia h\u00e4nen nettisivuiltaan: <a href=\"http:\/\/www.ilanr.com\/tm-1\">http:\/\/www.ilanr.com\/tm-1<\/a> )<\/p>\n<p><strong>klo 09.16<\/strong> Suomen sis\u00e4llissodasta on kulunut sata vuotta. Historiantutkija ja tietokirjailija <strong>Aapo Roselius<\/strong> ja kirjailija, tutkija ja opettaja <strong>Sture Lindholm<\/strong> kertovat Suomen sis\u00e4llissotaa ja sen ajan paikallisia tapahtumia k\u00e4sittelevist\u00e4 kirjoistaan. Taltiointi Karjaan kirjakekkereilt\u00e4<\/p>\n<p>Musiikkivalinnat <strong>Olli Kari<\/strong>: The Jimi Hendrix and Experience\/all along the watchtower, Jethro Tull\/Hymn 43, The Queen\/Flash Gordon, Rush\/Spirit of the radio, Bob Marley\/Natural mystic, Pink Floyd\/Fearless, Led Zeppelin\/ The song Remains the same, Verenpisara\/Me tapoimme tunteen<\/p>\n<p>&nbsp;<\/p>\n","protected":false},"excerpt":{"rendered":"<p>www.radiofiskars.fi suora linkki kuunteluun http:\/\/www.radiofiskars.fi\/radio\/radio.php \u00a0klo 08.00 Feathr Oy on sisustusalan yritys, jonka p\u00e4\u00e4toimialana on taiteellinen luominen. Sen mallistossa on jo 80\u00a0 taiteilijan sein\u00e4tapetteja, -kuvia ja tekstiilej\u00e4. Fiskarsin Veitsitehtaan lis\u00e4ksi yritys l\u00f6ytyy my\u00f6s Helsingist\u00e4, Berliinist\u00e4, Lontoosta ja Balilta. Anne Puukko kertoo haastattelussa perheyrityksen taipaleesta kansainv\u00e4lisesti tunnetuksi taidetapettiyritykseksi. Lis\u00e4tietoa osoitteessa www.feathr.com Suvi Heino klo 08.28 V\u00e4litila &hellip; <a href=\"https:\/\/www.radiofiskars.fi\/wordpress\/2018\/03\/ohjelmassa-nyt-24\/\" class=\"more-link\">Jatka lukemista <span class=\"screen-reader-text\">Ohjelmassa nyt<\/span> <span class=\"meta-nav\">&rarr;<\/span><\/a><\/p>\n","protected":false},"author":2,"featured_media":0,"comment_status":"open","ping_status":"open","sticky":false,"template":"","format":"standard","meta":{"footnotes":""},"categories":[8],"tags":[],"class_list":["post-4367","post","type-post","status-publish","format-standard","hentry","category-ohjelma"],"_links":{"self":[{"href":"https:\/\/www.radiofiskars.fi\/wordpress\/wp-json\/wp\/v2\/posts\/4367","targetHints":{"allow":["GET"]}}],"collection":[{"href":"https:\/\/www.radiofiskars.fi\/wordpress\/wp-json\/wp\/v2\/posts"}],"about":[{"href":"https:\/\/www.radiofiskars.fi\/wordpress\/wp-json\/wp\/v2\/types\/post"}],"author":[{"embeddable":true,"href":"https:\/\/www.radiofiskars.fi\/wordpress\/wp-json\/wp\/v2\/users\/2"}],"replies":[{"embeddable":true,"href":"https:\/\/www.radiofiskars.fi\/wordpress\/wp-json\/wp\/v2\/comments?post=4367"}],"version-history":[{"count":1,"href":"https:\/\/www.radiofiskars.fi\/wordpress\/wp-json\/wp\/v2\/posts\/4367\/revisions"}],"predecessor-version":[{"id":4368,"href":"https:\/\/www.radiofiskars.fi\/wordpress\/wp-json\/wp\/v2\/posts\/4367\/revisions\/4368"}],"wp:attachment":[{"href":"https:\/\/www.radiofiskars.fi\/wordpress\/wp-json\/wp\/v2\/media?parent=4367"}],"wp:term":[{"taxonomy":"category","embeddable":true,"href":"https:\/\/www.radiofiskars.fi\/wordpress\/wp-json\/wp\/v2\/categories?post=4367"},{"taxonomy":"post_tag","embeddable":true,"href":"https:\/\/www.radiofiskars.fi\/wordpress\/wp-json\/wp\/v2\/tags?post=4367"}],"curies":[{"name":"wp","href":"https:\/\/api.w.org\/{rel}","templated":true}]}}