{"id":4384,"date":"2018-03-31T00:30:44","date_gmt":"2018-03-30T21:30:44","guid":{"rendered":"http:\/\/www.radiofiskars.fi\/?p=4384"},"modified":"2024-02-21T17:29:48","modified_gmt":"2024-02-21T15:29:48","slug":"tiina-martikainen","status":"publish","type":"post","link":"https:\/\/www.radiofiskars.fi\/wordpress\/2018\/03\/tiina-martikainen\/","title":{"rendered":"Kirjailija Tiina Martikainen"},"content":{"rendered":"<p>Sammatissa asuvaa dekkarikirjailijaa <strong>Tiina Martikaista<\/strong> haastattelee kirjailija, n\u00e4yttelij\u00e4 <strong>Helena Kallio<\/strong> Fiskarsista. Taltiointi on maaliskuun alusta 2018 Karjaan Kirjakekkereilt\u00e4.<\/p>\n<div class=\"powerpress_player\" id=\"powerpress_player_3252\"><audio class=\"wp-audio-shortcode\" id=\"audio-4384-1\" preload=\"none\" style=\"width: 100%;\" controls=\"controls\"><source type=\"audio\/mpeg\" src=\"http:\/\/www.radiofiskars.fi\/wordpress\/wp-content\/uploads\/2018\/03\/tiina-martikainen.mp3?_=1\" \/><a href=\"http:\/\/www.radiofiskars.fi\/wordpress\/wp-content\/uploads\/2018\/03\/tiina-martikainen.mp3\">http:\/\/www.radiofiskars.fi\/wordpress\/wp-content\/uploads\/2018\/03\/tiina-martikainen.mp3<\/a><\/audio><\/div><p class=\"powerpress_links powerpress_links_mp3\" style=\"margin-bottom: 1px !important;\">Podcast: <a href=\"http:\/\/www.radiofiskars.fi\/wordpress\/wp-content\/uploads\/2018\/03\/tiina-martikainen.mp3\" class=\"powerpress_link_pinw\" target=\"_blank\" title=\"Play in new window\" onclick=\"return powerpress_pinw('https:\/\/www.radiofiskars.fi\/wordpress\/?powerpress_pinw=4384-podcast');\" rel=\"nofollow\">Play in new window<\/a><\/p><!--powerpress_player-->","protected":false},"excerpt":{"rendered":"<p>Sammatissa asuvaa dekkarikirjailijaa Tiina Martikaista haastattelee kirjailija, n\u00e4yttelij\u00e4 Helena Kallio Fiskarsista. Taltiointi on maaliskuun alusta 2018 Karjaan Kirjakekkereilt\u00e4. https:\/\/www.radiofiskars.fi\/wordpress\/wp-content\/uploads\/2018\/03\/tiina-martikainen.mp3Podcast: Play in new window<\/p>\n","protected":false},"author":13,"featured_media":0,"comment_status":"open","ping_status":"open","sticky":false,"template":"","format":"standard","meta":{"footnotes":""},"categories":[5,51],"tags":[273,458],"class_list":["post-4384","post","type-post","status-publish","format-standard","hentry","category-haastattelut","category-tapahtumataltioinnit","tag-karjaan-kirjakekkerit","tag-tiina-martikainen"],"_links":{"self":[{"href":"https:\/\/www.radiofiskars.fi\/wordpress\/wp-json\/wp\/v2\/posts\/4384","targetHints":{"allow":["GET"]}}],"collection":[{"href":"https:\/\/www.radiofiskars.fi\/wordpress\/wp-json\/wp\/v2\/posts"}],"about":[{"href":"https:\/\/www.radiofiskars.fi\/wordpress\/wp-json\/wp\/v2\/types\/post"}],"author":[{"embeddable":true,"href":"https:\/\/www.radiofiskars.fi\/wordpress\/wp-json\/wp\/v2\/users\/13"}],"replies":[{"embeddable":true,"href":"https:\/\/www.radiofiskars.fi\/wordpress\/wp-json\/wp\/v2\/comments?post=4384"}],"version-history":[{"count":3,"href":"https:\/\/www.radiofiskars.fi\/wordpress\/wp-json\/wp\/v2\/posts\/4384\/revisions"}],"predecessor-version":[{"id":8090,"href":"https:\/\/www.radiofiskars.fi\/wordpress\/wp-json\/wp\/v2\/posts\/4384\/revisions\/8090"}],"wp:attachment":[{"href":"https:\/\/www.radiofiskars.fi\/wordpress\/wp-json\/wp\/v2\/media?parent=4384"}],"wp:term":[{"taxonomy":"category","embeddable":true,"href":"https:\/\/www.radiofiskars.fi\/wordpress\/wp-json\/wp\/v2\/categories?post=4384"},{"taxonomy":"post_tag","embeddable":true,"href":"https:\/\/www.radiofiskars.fi\/wordpress\/wp-json\/wp\/v2\/tags?post=4384"}],"curies":[{"name":"wp","href":"https:\/\/api.w.org\/{rel}","templated":true}]}}