{"id":4484,"date":"2018-05-30T22:28:49","date_gmt":"2018-05-30T19:28:49","guid":{"rendered":"http:\/\/www.radiofiskars.fi\/?p=4484"},"modified":"2024-02-21T18:06:35","modified_gmt":"2024-02-21T16:06:35","slug":"kielletty-koyhyys-osa-3-voiko-koyhyytta-vahentaa","status":"publish","type":"post","link":"https:\/\/www.radiofiskars.fi\/wordpress\/2018\/05\/kielletty-koyhyys-osa-3-voiko-koyhyytta-vahentaa\/","title":{"rendered":"Kielletty k\u00f6yhyys osa 3, Voiko k\u00f6yhyytt\u00e4 v\u00e4hent\u00e4\u00e4?"},"content":{"rendered":"<p>Voiko k\u00f6yhyytt\u00e4 v\u00e4hent\u00e4\u00e4 ja miten? Kielletty k\u00f6yhyys radiosarjan kolmannessa ja viimeisess\u00e4 osassa pohditaan ratkaisuja k\u00f6yhyyden v\u00e4hent\u00e4miseksi. Kokemusasiantuntijoina <strong>Jouni Kylm\u00e4l\u00e4 <\/strong>ja <strong>Martin-\u00c9ric Racine<\/strong>. Sarjaa toimittavat <strong>Anne Wirkkala<\/strong> ja k\u00f6yhyystutkija<strong> Eeva-Maria Grekula<\/strong><\/p>\n<div class=\"powerpress_player\" id=\"powerpress_player_9264\"><audio class=\"wp-audio-shortcode\" id=\"audio-4484-1\" preload=\"none\" style=\"width: 100%;\" controls=\"controls\"><source type=\"audio\/mpeg\" src=\"https:\/\/www.radiofiskars.fi\/wp-content\/uploads\/2024\/02\/Kielletty-koyhyysosa-3-Voiko-koyhyytta-vahentaa-30.5.18.mp3?_=1\" \/><a href=\"https:\/\/www.radiofiskars.fi\/wp-content\/uploads\/2024\/02\/Kielletty-koyhyysosa-3-Voiko-koyhyytta-vahentaa-30.5.18.mp3\">https:\/\/www.radiofiskars.fi\/wp-content\/uploads\/2024\/02\/Kielletty-koyhyysosa-3-Voiko-koyhyytta-vahentaa-30.5.18.mp3<\/a><\/audio><\/div><p class=\"powerpress_links powerpress_links_mp3\" style=\"margin-bottom: 1px !important;\">Podcast: <a href=\"https:\/\/www.radiofiskars.fi\/wp-content\/uploads\/2024\/02\/Kielletty-koyhyysosa-3-Voiko-koyhyytta-vahentaa-30.5.18.mp3\" class=\"powerpress_link_pinw\" target=\"_blank\" title=\"Play in new window\" onclick=\"return powerpress_pinw('https:\/\/www.radiofiskars.fi\/wordpress\/?powerpress_pinw=4484-podcast');\" rel=\"nofollow\">Play in new window<\/a><\/p><!--powerpress_player-->","protected":false},"excerpt":{"rendered":"<p>Voiko k\u00f6yhyytt\u00e4 v\u00e4hent\u00e4\u00e4 ja miten? Kielletty k\u00f6yhyys radiosarjan kolmannessa ja viimeisess\u00e4 osassa pohditaan ratkaisuja k\u00f6yhyyden v\u00e4hent\u00e4miseksi. Kokemusasiantuntijoina Jouni Kylm\u00e4l\u00e4 ja Martin-\u00c9ric Racine. Sarjaa toimittavat Anne Wirkkala ja k\u00f6yhyystutkija Eeva-Maria Grekula https:\/\/www.radiofiskars.fi\/wp-content\/uploads\/2024\/02\/Kielletty-koyhyysosa-3-Voiko-koyhyytta-vahentaa-30.5.18.mp3Podcast: Play in new window<\/p>\n","protected":false},"author":2,"featured_media":0,"comment_status":"open","ping_status":"open","sticky":false,"template":"","format":"standard","meta":{"footnotes":""},"categories":[459],"tags":[484,461,485],"class_list":["post-4484","post","type-post","status-publish","format-standard","hentry","category-sarjat","tag-jouni-kylmala","tag-koyhyys","tag-martin-eric-racine"],"_links":{"self":[{"href":"https:\/\/www.radiofiskars.fi\/wordpress\/wp-json\/wp\/v2\/posts\/4484","targetHints":{"allow":["GET"]}}],"collection":[{"href":"https:\/\/www.radiofiskars.fi\/wordpress\/wp-json\/wp\/v2\/posts"}],"about":[{"href":"https:\/\/www.radiofiskars.fi\/wordpress\/wp-json\/wp\/v2\/types\/post"}],"author":[{"embeddable":true,"href":"https:\/\/www.radiofiskars.fi\/wordpress\/wp-json\/wp\/v2\/users\/2"}],"replies":[{"embeddable":true,"href":"https:\/\/www.radiofiskars.fi\/wordpress\/wp-json\/wp\/v2\/comments?post=4484"}],"version-history":[{"count":2,"href":"https:\/\/www.radiofiskars.fi\/wordpress\/wp-json\/wp\/v2\/posts\/4484\/revisions"}],"predecessor-version":[{"id":8100,"href":"https:\/\/www.radiofiskars.fi\/wordpress\/wp-json\/wp\/v2\/posts\/4484\/revisions\/8100"}],"wp:attachment":[{"href":"https:\/\/www.radiofiskars.fi\/wordpress\/wp-json\/wp\/v2\/media?parent=4484"}],"wp:term":[{"taxonomy":"category","embeddable":true,"href":"https:\/\/www.radiofiskars.fi\/wordpress\/wp-json\/wp\/v2\/categories?post=4484"},{"taxonomy":"post_tag","embeddable":true,"href":"https:\/\/www.radiofiskars.fi\/wordpress\/wp-json\/wp\/v2\/tags?post=4484"}],"curies":[{"name":"wp","href":"https:\/\/api.w.org\/{rel}","templated":true}]}}