{"id":4528,"date":"2018-06-30T18:27:33","date_gmt":"2018-06-30T15:27:33","guid":{"rendered":"http:\/\/www.radiofiskars.fi\/?p=4528"},"modified":"2024-03-23T12:42:21","modified_gmt":"2024-03-23T10:42:21","slug":"karjaan-kirjakekkereita-2017-ja-2018","status":"publish","type":"post","link":"https:\/\/www.radiofiskars.fi\/wordpress\/2018\/06\/karjaan-kirjakekkereita-2017-ja-2018\/","title":{"rendered":"Karjaan Kirjakekkerit Reijo M\u00e4ki"},"content":{"rendered":"<p>Toimittaja <strong>Pia-Maria Lehtola<\/strong> haastattelee j\u00e4nnityskirjailija <strong>Reijo M\u00e4ke\u00e4<\/strong>.<\/p>\n<p><strong>\u00a0<\/strong><\/p>\n<div class=\"powerpress_player\" id=\"powerpress_player_237\"><audio class=\"wp-audio-shortcode\" id=\"audio-4528-1\" preload=\"none\" style=\"width: 100%;\" controls=\"controls\"><source type=\"audio\/mpeg\" src=\"https:\/\/www.radiofiskars.fi\/wp-content\/uploads\/2024\/03\/Karjaan-kirjakekkeri-reijo-Maki-30.6.2018.mp3?_=1\" \/><a href=\"https:\/\/www.radiofiskars.fi\/wp-content\/uploads\/2024\/03\/Karjaan-kirjakekkeri-reijo-Maki-30.6.2018.mp3\">https:\/\/www.radiofiskars.fi\/wp-content\/uploads\/2024\/03\/Karjaan-kirjakekkeri-reijo-Maki-30.6.2018.mp3<\/a><\/audio><\/div><p class=\"powerpress_links powerpress_links_mp3\" style=\"margin-bottom: 1px !important;\">Podcast: <a href=\"https:\/\/www.radiofiskars.fi\/wp-content\/uploads\/2024\/03\/Karjaan-kirjakekkeri-reijo-Maki-30.6.2018.mp3\" class=\"powerpress_link_pinw\" target=\"_blank\" title=\"Play in new window\" onclick=\"return powerpress_pinw('https:\/\/www.radiofiskars.fi\/wordpress\/?powerpress_pinw=4528-podcast');\" rel=\"nofollow\">Play in new window<\/a><\/p><!--powerpress_player-->","protected":false},"excerpt":{"rendered":"<p>Toimittaja Pia-Maria Lehtola haastattelee j\u00e4nnityskirjailija Reijo M\u00e4ke\u00e4. \u00a0 https:\/\/www.radiofiskars.fi\/wp-content\/uploads\/2024\/03\/Karjaan-kirjakekkeri-reijo-Maki-30.6.2018.mp3Podcast: Play in new window<\/p>\n","protected":false},"author":2,"featured_media":0,"comment_status":"open","ping_status":"open","sticky":false,"template":"","format":"standard","meta":{"footnotes":""},"categories":[51],"tags":[273,536,1296],"class_list":["post-4528","post","type-post","status-publish","format-standard","hentry","category-tapahtumataltioinnit","tag-karjaan-kirjakekkerit","tag-pia-maria-lehtola","tag-reijo-maki"],"_links":{"self":[{"href":"https:\/\/www.radiofiskars.fi\/wordpress\/wp-json\/wp\/v2\/posts\/4528","targetHints":{"allow":["GET"]}}],"collection":[{"href":"https:\/\/www.radiofiskars.fi\/wordpress\/wp-json\/wp\/v2\/posts"}],"about":[{"href":"https:\/\/www.radiofiskars.fi\/wordpress\/wp-json\/wp\/v2\/types\/post"}],"author":[{"embeddable":true,"href":"https:\/\/www.radiofiskars.fi\/wordpress\/wp-json\/wp\/v2\/users\/2"}],"replies":[{"embeddable":true,"href":"https:\/\/www.radiofiskars.fi\/wordpress\/wp-json\/wp\/v2\/comments?post=4528"}],"version-history":[{"count":3,"href":"https:\/\/www.radiofiskars.fi\/wordpress\/wp-json\/wp\/v2\/posts\/4528\/revisions"}],"predecessor-version":[{"id":8473,"href":"https:\/\/www.radiofiskars.fi\/wordpress\/wp-json\/wp\/v2\/posts\/4528\/revisions\/8473"}],"wp:attachment":[{"href":"https:\/\/www.radiofiskars.fi\/wordpress\/wp-json\/wp\/v2\/media?parent=4528"}],"wp:term":[{"taxonomy":"category","embeddable":true,"href":"https:\/\/www.radiofiskars.fi\/wordpress\/wp-json\/wp\/v2\/categories?post=4528"},{"taxonomy":"post_tag","embeddable":true,"href":"https:\/\/www.radiofiskars.fi\/wordpress\/wp-json\/wp\/v2\/tags?post=4528"}],"curies":[{"name":"wp","href":"https:\/\/api.w.org\/{rel}","templated":true}]}}