{"id":4575,"date":"2018-09-10T15:43:57","date_gmt":"2018-09-10T12:43:57","guid":{"rendered":"http:\/\/www.radiofiskars.fi\/?p=4575"},"modified":"2018-09-11T08:35:51","modified_gmt":"2018-09-11T05:35:51","slug":"equinox-ambience-2018","status":"publish","type":"post","link":"https:\/\/www.radiofiskars.fi\/wordpress\/2018\/09\/equinox-ambience-2018\/","title":{"rendered":"Equinox Ambience 2018"},"content":{"rendered":"<p>Jo toista kertaa Fiskarsissa j\u00e4rjestett\u00e4v\u00e4n monitaiteellisen ambient -musiikkitapahtuman taustoista, ohjelmasta ja uusista tuulista kertovat <strong>Annika M\u00e4nnikk\u00f6<\/strong> ja <strong>Tomi Palander<\/strong>.<\/p>\n<p>Toimittaja Anne Wirkkala<\/p>\n<audio class=\"wp-audio-shortcode\" id=\"audio-4575-2\" preload=\"none\" style=\"width: 100%;\" controls=\"controls\"><source type=\"audio\/mpeg\" src=\"https:\/\/www.radiofiskars.fi\/wordpress\/wp-content\/uploads\/2018\/09\/unknown-Equinox-w-320kbps.mp3?_=2\" \/><a href=\"https:\/\/www.radiofiskars.fi\/wordpress\/wp-content\/uploads\/2018\/09\/unknown-Equinox-w-320kbps.mp3\">https:\/\/www.radiofiskars.fi\/wordpress\/wp-content\/uploads\/2018\/09\/unknown-Equinox-w-320kbps.mp3<\/a><\/audio>\n<p><a href=\"http:\/\/www.equinoxevents.fi\">http:\/\/www.equinoxevents.fi<\/a><\/p>\n<p><a href=\"https:\/\/www.radiofiskars.fi\/wordpress\/wp-content\/uploads\/2018\/09\/EQUINOX-AMBIENCE-2018_Social.jpg\"><img loading=\"lazy\" decoding=\"async\" class=\"alignnone size-medium wp-image-4598\" src=\"https:\/\/www.radiofiskars.fi\/wordpress\/wp-content\/uploads\/2018\/09\/EQUINOX-AMBIENCE-2018_Social-212x300.jpg\" alt=\"\" width=\"212\" height=\"300\" srcset=\"https:\/\/www.radiofiskars.fi\/wp-content\/uploads\/2018\/09\/EQUINOX-AMBIENCE-2018_Social-212x300.jpg 212w, https:\/\/www.radiofiskars.fi\/wp-content\/uploads\/2018\/09\/EQUINOX-AMBIENCE-2018_Social-768x1087.jpg 768w, https:\/\/www.radiofiskars.fi\/wp-content\/uploads\/2018\/09\/EQUINOX-AMBIENCE-2018_Social-724x1024.jpg 724w, https:\/\/www.radiofiskars.fi\/wp-content\/uploads\/2018\/09\/EQUINOX-AMBIENCE-2018_Social.jpg 903w\" sizes=\"auto, (max-width: 212px) 100vw, 212px\" \/><\/a><\/p>\n<p>&nbsp;<\/p>\n<div class=\"powerpress_player\" id=\"powerpress_player_5405\"><audio class=\"wp-audio-shortcode\" id=\"audio-4575-1\" preload=\"none\" style=\"width: 100%;\" controls=\"controls\"><source type=\"audio\/mpeg\" src=\"http:\/\/www.radiofiskars.fi\/wordpress\/wp-content\/uploads\/2018\/09\/unknown-Equinox-w-320kbps.mp3?_=1\" \/><a href=\"http:\/\/www.radiofiskars.fi\/wordpress\/wp-content\/uploads\/2018\/09\/unknown-Equinox-w-320kbps.mp3\">http:\/\/www.radiofiskars.fi\/wordpress\/wp-content\/uploads\/2018\/09\/unknown-Equinox-w-320kbps.mp3<\/a><\/audio><\/div><p class=\"powerpress_links powerpress_links_mp3\" style=\"margin-bottom: 1px !important;\">Podcast: <a href=\"http:\/\/www.radiofiskars.fi\/wordpress\/wp-content\/uploads\/2018\/09\/unknown-Equinox-w-320kbps.mp3\" class=\"powerpress_link_pinw\" target=\"_blank\" title=\"Play in new window\" onclick=\"return powerpress_pinw('https:\/\/www.radiofiskars.fi\/wordpress\/?powerpress_pinw=4575-podcast');\" rel=\"nofollow\">Play in new window<\/a><\/p><!--powerpress_player-->","protected":false},"excerpt":{"rendered":"<p>Jo toista kertaa Fiskarsissa j\u00e4rjestett\u00e4v\u00e4n monitaiteellisen ambient -musiikkitapahtuman taustoista, ohjelmasta ja uusista tuulista kertovat Annika M\u00e4nnikk\u00f6 ja Tomi Palander. Toimittaja Anne Wirkkala http:\/\/www.equinoxevents.fi &nbsp; https:\/\/www.radiofiskars.fi\/wordpress\/wp-content\/uploads\/2018\/09\/unknown-Equinox-w-320kbps.mp3Podcast: Play in new window<\/p>\n","protected":false},"author":13,"featured_media":0,"comment_status":"open","ping_status":"open","sticky":false,"template":"","format":"standard","meta":{"footnotes":""},"categories":[25,5,14,13,15],"tags":[498,431,430,258,148,432],"class_list":["post-4575","post","type-post","status-publish","format-standard","hentry","category-elava-musiikki","category-haastattelut","category-yhteisopalvelut","category-uusimmat-uutiset","category-yleiset","tag-ambient","tag-annika-mannikko","tag-equinox-ambience","tag-musiikki","tag-tapahtuma","tag-tomi-palander"],"_links":{"self":[{"href":"https:\/\/www.radiofiskars.fi\/wordpress\/wp-json\/wp\/v2\/posts\/4575","targetHints":{"allow":["GET"]}}],"collection":[{"href":"https:\/\/www.radiofiskars.fi\/wordpress\/wp-json\/wp\/v2\/posts"}],"about":[{"href":"https:\/\/www.radiofiskars.fi\/wordpress\/wp-json\/wp\/v2\/types\/post"}],"author":[{"embeddable":true,"href":"https:\/\/www.radiofiskars.fi\/wordpress\/wp-json\/wp\/v2\/users\/13"}],"replies":[{"embeddable":true,"href":"https:\/\/www.radiofiskars.fi\/wordpress\/wp-json\/wp\/v2\/comments?post=4575"}],"version-history":[{"count":5,"href":"https:\/\/www.radiofiskars.fi\/wordpress\/wp-json\/wp\/v2\/posts\/4575\/revisions"}],"predecessor-version":[{"id":4601,"href":"https:\/\/www.radiofiskars.fi\/wordpress\/wp-json\/wp\/v2\/posts\/4575\/revisions\/4601"}],"wp:attachment":[{"href":"https:\/\/www.radiofiskars.fi\/wordpress\/wp-json\/wp\/v2\/media?parent=4575"}],"wp:term":[{"taxonomy":"category","embeddable":true,"href":"https:\/\/www.radiofiskars.fi\/wordpress\/wp-json\/wp\/v2\/categories?post=4575"},{"taxonomy":"post_tag","embeddable":true,"href":"https:\/\/www.radiofiskars.fi\/wordpress\/wp-json\/wp\/v2\/tags?post=4575"}],"curies":[{"name":"wp","href":"https:\/\/api.w.org\/{rel}","templated":true}]}}