{"id":4592,"date":"2018-09-10T17:34:11","date_gmt":"2018-09-10T14:34:11","guid":{"rendered":"http:\/\/www.radiofiskars.fi\/?p=4592"},"modified":"2018-09-10T18:42:44","modified_gmt":"2018-09-10T15:42:44","slug":"radiofiskarsissa-nyt","status":"publish","type":"post","link":"https:\/\/www.radiofiskars.fi\/wordpress\/2018\/09\/radiofiskarsissa-nyt\/","title":{"rendered":"radiofiskarsissa nyt"},"content":{"rendered":"<p>suora linkki kuunteluun <a href=\"http:\/\/www.radiofiskars.fi\/radio\/radio.php\">http:\/\/www.radiofiskars.fi\/radio\/radio.php<\/a><\/p>\n<p><strong>\u00a0<\/strong><strong>klo 08.00<\/strong> Mit\u00e4 tapahtuu tulevana syysp\u00e4iv\u00e4n tasauksena? Jo toista kertaa j\u00e4rjestett\u00e4v\u00e4n Equinox Ambiencen taustoista, ohjelmasta ja uusista tuulista kertovat <strong>Annika M\u00e4nnikk\u00f6<\/strong> ja <strong>Tomi Palander<\/strong>. Toimittaja <strong>Anne Wirkkala<\/strong><\/p>\n<p><strong>klo 08.22<\/strong> Rovaniemel\u00e4istynyt <strong>Maarit Toivola<\/strong> pakkasi miehens\u00e4 kanssa laukut ja palasi Billn\u00e4siin. Miten paluu on sujunut ja miten l\u00e4\u00e4k\u00e4ripariskunta viett\u00e4\u00e4 el\u00e4kep\u00e4ivi\u00e4\u00e4n? Toimittaja <strong>Suvi Heino<\/strong><\/p>\n<p><strong>klo 08.42<\/strong> Vuonna 2013 toimittaja <strong>Ella Hansen-Haug<\/strong> ja museon silloinen opas, <strong>Johanna Ekman<\/strong> k\u00e4ynnistiv\u00e4t Kysy museolta \u2013sarjan, jossa he vastasivat kuulijoiden Fiskarsin historiaa k\u00e4sitteleviin kysymyksiin. Nyt kuultavissa jaksoissa selvitet\u00e4\u00e4n Parkenin taustoja sek\u00e4 kerrotaan, mit\u00e4 museon arkistosta voi l\u00f6yt\u00e4\u00e4.<\/p>\n<p><strong>klo 08.57<\/strong> Laulujensa lomassa uusi fiskarslainen <strong>Elli Terho<\/strong> kertoo musiikistaan, taiteestaan sek\u00e4 siit\u00e4, miten uuteen yhteis\u00f6\u00f6n p\u00e4\u00e4see sis\u00e4lle. Suvi Heino<\/p>\n<p><strong>klo 09.36<\/strong> Nuoren Voiman Liiton runotapahtuman taltiointi vuodelta 2014: <strong>Kari Aronpuro<\/strong>.<\/p>\n<p><strong>klo 09.52<\/strong>Norjalaiskeraamikko <strong>Thorbj<\/strong><strong>\u00f8<\/strong><strong>rn Kvasb<\/strong><strong>\u00f8<\/strong><strong>n<\/strong> etsii taiteessa voimakkaita yhtym\u00e4kohtia materiaalin, tekniikan ja muodon v\u00e4lill\u00e4 luoden merkityksi\u00e4 joihin h\u00e4n voi samaistua. Mit\u00e4 Kvasb<strong>\u00f8<\/strong>n el\u00e4m\u00e4\u00e4n nyt kuuluu? Toimittajat <strong>Henni Heino<\/strong> ja <strong>Pia \u00d6sterman<\/strong><\/p>\n<p><strong>klo 10.25<\/strong> Keraamikko Susan O\u00b4Byrne on erikoistunut tarinallisten el\u00e4inhahmojen luomiseen. About Clay-n\u00e4yttelyss\u00e4 esill\u00e4 olleet el\u00e4inp\u00e4\u00e4t edustavat h\u00e4nen \u00e4idin puoleista sukupuutaan. Henni Heino ja Pia \u00d6sterman.<\/p>\n<p><strong>klo 11.00, 14.00, 17.00 ja 20.00<\/strong> luuppi k\u00e4ynnistyy alusta.<\/p>\n<p><strong>Musiikissa:<\/strong> Cajaste \u2013 Quiet Field \/\/ Vasilis Kazoulis<em> \u2013 An Isoun Aggelos \/\/ Haris Alexiou \u2013 Teli \/\/ Faarao Pirttikangas \u2013 R\u00e4pyl\u00e4 Niiranen \/\/ Elli Terho \u2013 Tulilintu, Peili s\u00e4rkyy, Avasit oven \/\/ Jethro Tull \u2013 A New Day Yesterday \/\/ Beatles \u2013 Getting Better \/\/ Atl\u00e9tico Kumpula \u2013 Varanginvuono \/\/ Svjata Vatra \u2013 Ardyalynka\/\/ Olli Kari \u2013 Echos Of The Clay<\/em><\/p>\n<p><strong>Radiofiskars j\u00e4rjest\u00e4\u00e4 syyskuun 29.p\u00e4iv\u00e4 Lukaalilla RadioP\u00e4iv\u00e4n, jossa kaikki p\u00e4\u00e4sev\u00e4t tutustumaan radion tekemiseen ja kokeilemaan \u00e4\u00e4nt\u00e4\u00e4n. Yhteis\u00f6llist\u00e4 Radiofiskarsia voivat kaikki tulla tekem\u00e4\u00e4n ilman aiempaa kokemusta.<\/strong><\/p>\n","protected":false},"excerpt":{"rendered":"<p>suora linkki kuunteluun http:\/\/www.radiofiskars.fi\/radio\/radio.php \u00a0klo 08.00 Mit\u00e4 tapahtuu tulevana syysp\u00e4iv\u00e4n tasauksena? Jo toista kertaa j\u00e4rjestett\u00e4v\u00e4n Equinox Ambiencen taustoista, ohjelmasta ja uusista tuulista kertovat Annika M\u00e4nnikk\u00f6 ja Tomi Palander. Toimittaja Anne Wirkkala klo 08.22 Rovaniemel\u00e4istynyt Maarit Toivola pakkasi miehens\u00e4 kanssa laukut ja palasi Billn\u00e4siin. Miten paluu on sujunut ja miten l\u00e4\u00e4k\u00e4ripariskunta viett\u00e4\u00e4 el\u00e4kep\u00e4ivi\u00e4\u00e4n? Toimittaja Suvi Heino &hellip; <a href=\"https:\/\/www.radiofiskars.fi\/wordpress\/2018\/09\/radiofiskarsissa-nyt\/\" class=\"more-link\">Jatka lukemista <span class=\"screen-reader-text\">radiofiskarsissa nyt<\/span> <span class=\"meta-nav\">&rarr;<\/span><\/a><\/p>\n","protected":false},"author":2,"featured_media":0,"comment_status":"open","ping_status":"open","sticky":false,"template":"","format":"standard","meta":{"footnotes":""},"categories":[8],"tags":[],"class_list":["post-4592","post","type-post","status-publish","format-standard","hentry","category-ohjelma"],"_links":{"self":[{"href":"https:\/\/www.radiofiskars.fi\/wordpress\/wp-json\/wp\/v2\/posts\/4592","targetHints":{"allow":["GET"]}}],"collection":[{"href":"https:\/\/www.radiofiskars.fi\/wordpress\/wp-json\/wp\/v2\/posts"}],"about":[{"href":"https:\/\/www.radiofiskars.fi\/wordpress\/wp-json\/wp\/v2\/types\/post"}],"author":[{"embeddable":true,"href":"https:\/\/www.radiofiskars.fi\/wordpress\/wp-json\/wp\/v2\/users\/2"}],"replies":[{"embeddable":true,"href":"https:\/\/www.radiofiskars.fi\/wordpress\/wp-json\/wp\/v2\/comments?post=4592"}],"version-history":[{"count":2,"href":"https:\/\/www.radiofiskars.fi\/wordpress\/wp-json\/wp\/v2\/posts\/4592\/revisions"}],"predecessor-version":[{"id":4595,"href":"https:\/\/www.radiofiskars.fi\/wordpress\/wp-json\/wp\/v2\/posts\/4592\/revisions\/4595"}],"wp:attachment":[{"href":"https:\/\/www.radiofiskars.fi\/wordpress\/wp-json\/wp\/v2\/media?parent=4592"}],"wp:term":[{"taxonomy":"category","embeddable":true,"href":"https:\/\/www.radiofiskars.fi\/wordpress\/wp-json\/wp\/v2\/categories?post=4592"},{"taxonomy":"post_tag","embeddable":true,"href":"https:\/\/www.radiofiskars.fi\/wordpress\/wp-json\/wp\/v2\/tags?post=4592"}],"curies":[{"name":"wp","href":"https:\/\/api.w.org\/{rel}","templated":true}]}}