{"id":5045,"date":"2019-09-16T22:36:21","date_gmt":"2019-09-16T19:36:21","guid":{"rendered":"http:\/\/www.radiofiskars.fi\/?p=5045"},"modified":"2026-02-12T20:12:33","modified_gmt":"2026-02-12T18:12:33","slug":"kamari-fantasioita-3-osa","status":"publish","type":"post","link":"https:\/\/www.radiofiskars.fi\/wordpress\/2019\/09\/kamari-fantasioita-3-osa\/","title":{"rendered":"Kamari-Fantasioita 3.osa"},"content":{"rendered":"<p>Kamari-Fantasioiden kolmannessa osassa sukelletaan unien kiehtovaan maailmaan. <strong>Laura Sovion<\/strong> johdattelemana unista ovat keskustelemassa Kirjailija, uniohjaaja\u00a0 <strong>Anne Lindholm-K\u00e4rki<\/strong> sek\u00e4 Valokuvaaja, uniohjaaja <strong>Sari Harju<\/strong>.<\/p>\n<p>P\u00e4\u00e4tteeksi kuullaan Laura Sovion uniteos &#8221;Y\u00f6ll\u00e4 Kello Kolme&#8221;.<\/p>\n<div class=\"powerpress_player\" id=\"powerpress_player_2234\"><audio class=\"wp-audio-shortcode\" id=\"audio-5045-1\" preload=\"none\" style=\"width: 100%;\" controls=\"controls\"><source type=\"audio\/mpeg\" src=\"https:\/\/www.radiofiskars.fi\/wp-content\/uploads\/2024\/03\/Lauran-unimaailma-16.9.2019.mp3?_=1\" \/><a href=\"https:\/\/www.radiofiskars.fi\/wp-content\/uploads\/2024\/03\/Lauran-unimaailma-16.9.2019.mp3\">https:\/\/www.radiofiskars.fi\/wp-content\/uploads\/2024\/03\/Lauran-unimaailma-16.9.2019.mp3<\/a><\/audio><\/div><p class=\"powerpress_links powerpress_links_mp3\" style=\"margin-bottom: 1px !important;\">Podcast: <a href=\"https:\/\/www.radiofiskars.fi\/wp-content\/uploads\/2024\/03\/Lauran-unimaailma-16.9.2019.mp3\" class=\"powerpress_link_pinw\" target=\"_blank\" title=\"Play in new window\" onclick=\"return powerpress_pinw('https:\/\/www.radiofiskars.fi\/wordpress\/?powerpress_pinw=5045-podcast');\" rel=\"nofollow\">Play in new window<\/a><\/p><!--powerpress_player-->","protected":false},"excerpt":{"rendered":"<p>Kamari-Fantasioiden kolmannessa osassa sukelletaan unien kiehtovaan maailmaan. Laura Sovion johdattelemana unista ovat keskustelemassa Kirjailija, uniohjaaja\u00a0 Anne Lindholm-K\u00e4rki sek\u00e4 Valokuvaaja, uniohjaaja Sari Harju. P\u00e4\u00e4tteeksi kuullaan Laura Sovion uniteos &#8221;Y\u00f6ll\u00e4 Kello Kolme&#8221;. https:\/\/www.radiofiskars.fi\/wp-content\/uploads\/2024\/03\/Lauran-unimaailma-16.9.2019.mp3Podcast: Play in new window<\/p>\n","protected":false},"author":13,"featured_media":0,"comment_status":"open","ping_status":"open","sticky":false,"template":"","format":"standard","meta":{"footnotes":""},"categories":[551],"tags":[67,572,507,1306,573],"class_list":["post-5045","post","type-post","status-publish","format-standard","hentry","category-kamari-fantasioita","tag-anne-lindholm-karki","tag-kamari-fantasioita","tag-laura-sovio","tag-sari-harju","tag-uni"],"_links":{"self":[{"href":"https:\/\/www.radiofiskars.fi\/wordpress\/wp-json\/wp\/v2\/posts\/5045","targetHints":{"allow":["GET"]}}],"collection":[{"href":"https:\/\/www.radiofiskars.fi\/wordpress\/wp-json\/wp\/v2\/posts"}],"about":[{"href":"https:\/\/www.radiofiskars.fi\/wordpress\/wp-json\/wp\/v2\/types\/post"}],"author":[{"embeddable":true,"href":"https:\/\/www.radiofiskars.fi\/wordpress\/wp-json\/wp\/v2\/users\/13"}],"replies":[{"embeddable":true,"href":"https:\/\/www.radiofiskars.fi\/wordpress\/wp-json\/wp\/v2\/comments?post=5045"}],"version-history":[{"count":3,"href":"https:\/\/www.radiofiskars.fi\/wordpress\/wp-json\/wp\/v2\/posts\/5045\/revisions"}],"predecessor-version":[{"id":8533,"href":"https:\/\/www.radiofiskars.fi\/wordpress\/wp-json\/wp\/v2\/posts\/5045\/revisions\/8533"}],"wp:attachment":[{"href":"https:\/\/www.radiofiskars.fi\/wordpress\/wp-json\/wp\/v2\/media?parent=5045"}],"wp:term":[{"taxonomy":"category","embeddable":true,"href":"https:\/\/www.radiofiskars.fi\/wordpress\/wp-json\/wp\/v2\/categories?post=5045"},{"taxonomy":"post_tag","embeddable":true,"href":"https:\/\/www.radiofiskars.fi\/wordpress\/wp-json\/wp\/v2\/tags?post=5045"}],"curies":[{"name":"wp","href":"https:\/\/api.w.org\/{rel}","templated":true}]}}