{"id":5113,"date":"2019-11-25T22:23:27","date_gmt":"2019-11-25T20:23:27","guid":{"rendered":"http:\/\/www.radiofiskars.fi\/?p=5113"},"modified":"2024-03-23T14:38:28","modified_gmt":"2024-03-23T12:38:28","slug":"heikki-willamo-metsa-minussa","status":"publish","type":"post","link":"https:\/\/www.radiofiskars.fi\/wordpress\/2019\/11\/heikki-willamo-metsa-minussa\/","title":{"rendered":"Heikki Willamo: Mets\u00e4 minussa"},"content":{"rendered":"<p>Raaseporin Luonto ry:n syyskokouksen yhteydess\u00e4 n\u00e4htiin ja kuultiin <strong>Heikki Willamon<\/strong> esitelm\u00e4 \u201dMETS\u00c4 MINUSSA\u201d.<\/p>\n<div class=\"powerpress_player\" id=\"powerpress_player_4127\"><audio class=\"wp-audio-shortcode\" id=\"audio-5113-1\" preload=\"none\" style=\"width: 100%;\" controls=\"controls\"><source type=\"audio\/mpeg\" src=\"https:\/\/www.radiofiskars.fi\/wp-content\/uploads\/2019\/11\/unknown-Luontoilta-w-320kbps.mp3?_=1\" \/><a href=\"https:\/\/www.radiofiskars.fi\/wp-content\/uploads\/2019\/11\/unknown-Luontoilta-w-320kbps.mp3\">https:\/\/www.radiofiskars.fi\/wp-content\/uploads\/2019\/11\/unknown-Luontoilta-w-320kbps.mp3<\/a><\/audio><\/div><p class=\"powerpress_links powerpress_links_mp3\" style=\"margin-bottom: 1px !important;\">Podcast: <a href=\"https:\/\/www.radiofiskars.fi\/wp-content\/uploads\/2019\/11\/unknown-Luontoilta-w-320kbps.mp3\" class=\"powerpress_link_pinw\" target=\"_blank\" title=\"Play in new window\" onclick=\"return powerpress_pinw('https:\/\/www.radiofiskars.fi\/wordpress\/?powerpress_pinw=5113-podcast');\" rel=\"nofollow\">Play in new window<\/a><\/p><!--powerpress_player-->","protected":false},"excerpt":{"rendered":"<p>Raaseporin Luonto ry:n syyskokouksen yhteydess\u00e4 n\u00e4htiin ja kuultiin Heikki Willamon esitelm\u00e4 \u201dMETS\u00c4 MINUSSA\u201d. https:\/\/www.radiofiskars.fi\/wp-content\/uploads\/2019\/11\/unknown-Luontoilta-w-320kbps.mp3Podcast: Play in new window<\/p>\n","protected":false},"author":2,"featured_media":0,"comment_status":"open","ping_status":"open","sticky":false,"template":"","format":"standard","meta":{"footnotes":""},"categories":[51],"tags":[92,1305],"class_list":["post-5113","post","type-post","status-publish","format-standard","hentry","category-tapahtumataltioinnit","tag-heikki-willamo","tag-metsa-minussa"],"_links":{"self":[{"href":"https:\/\/www.radiofiskars.fi\/wordpress\/wp-json\/wp\/v2\/posts\/5113","targetHints":{"allow":["GET"]}}],"collection":[{"href":"https:\/\/www.radiofiskars.fi\/wordpress\/wp-json\/wp\/v2\/posts"}],"about":[{"href":"https:\/\/www.radiofiskars.fi\/wordpress\/wp-json\/wp\/v2\/types\/post"}],"author":[{"embeddable":true,"href":"https:\/\/www.radiofiskars.fi\/wordpress\/wp-json\/wp\/v2\/users\/2"}],"replies":[{"embeddable":true,"href":"https:\/\/www.radiofiskars.fi\/wordpress\/wp-json\/wp\/v2\/comments?post=5113"}],"version-history":[{"count":3,"href":"https:\/\/www.radiofiskars.fi\/wordpress\/wp-json\/wp\/v2\/posts\/5113\/revisions"}],"predecessor-version":[{"id":8497,"href":"https:\/\/www.radiofiskars.fi\/wordpress\/wp-json\/wp\/v2\/posts\/5113\/revisions\/8497"}],"wp:attachment":[{"href":"https:\/\/www.radiofiskars.fi\/wordpress\/wp-json\/wp\/v2\/media?parent=5113"}],"wp:term":[{"taxonomy":"category","embeddable":true,"href":"https:\/\/www.radiofiskars.fi\/wordpress\/wp-json\/wp\/v2\/categories?post=5113"},{"taxonomy":"post_tag","embeddable":true,"href":"https:\/\/www.radiofiskars.fi\/wordpress\/wp-json\/wp\/v2\/tags?post=5113"}],"curies":[{"name":"wp","href":"https:\/\/api.w.org\/{rel}","templated":true}]}}