{"id":5257,"date":"2020-03-11T18:24:19","date_gmt":"2020-03-11T16:24:19","guid":{"rendered":"http:\/\/www.radiofiskars.fi\/?p=5257"},"modified":"2025-01-07T15:17:17","modified_gmt":"2025-01-07T13:17:17","slug":"markku-salon-maaliskuun-ajatuslappuja","status":"publish","type":"post","link":"https:\/\/www.radiofiskars.fi\/wordpress\/2020\/03\/markku-salon-maaliskuun-ajatuslappuja\/","title":{"rendered":"Markku Salon maaliskuun Ajatuslappuja ja aforismeja"},"content":{"rendered":"\n<figure class=\"wp-block-image size-large\"><img loading=\"lazy\" decoding=\"async\" width=\"1024\" height=\"576\" src=\"https:\/\/www.radiofiskars.fi\/wordpress\/wp-content\/uploads\/2020\/03\/idea-152213_1280-1024x576.png\" alt=\"\" class=\"wp-image-5253\" srcset=\"https:\/\/www.radiofiskars.fi\/wp-content\/uploads\/2020\/03\/idea-152213_1280-1024x576.png 1024w, https:\/\/www.radiofiskars.fi\/wp-content\/uploads\/2020\/03\/idea-152213_1280-300x169.png 300w, https:\/\/www.radiofiskars.fi\/wp-content\/uploads\/2020\/03\/idea-152213_1280-768x432.png 768w, https:\/\/www.radiofiskars.fi\/wp-content\/uploads\/2020\/03\/idea-152213_1280.png 1280w\" sizes=\"auto, (max-width: 1024px) 100vw, 1024px\" \/><figcaption><em>OpenClipart-Vectors Pixabayst\u00e4<\/em><\/figcaption><\/figure>\n\n\n\n<p>Tied\u00e4tk\u00f6 mik\u00e4 on Kuningasprobleema? Ent\u00e4 milt\u00e4 kuulostaa Kategorinen imperatiivi? Tai miksi er\u00e4\u00e4n tietokoneohjelmoijan k\u00e4det alkavat yll\u00e4tt\u00e4en nyki\u00e4 ja taipua sis\u00e4\u00e4np\u00e4in?<\/p>\n\n\n\n<p>N\u00e4it\u00e4 ja monia muitakin kysymyksi\u00e4 valaistaan lis\u00e4\u00e4 ohjelmassa \u201dAjatuslappuja ja aforismeja\u201d, jossa ohjelman is\u00e4nt\u00e4 k\u00e4y mikrofonin ja monologin keinoin k\u00e4siksi olemassaolevan todellisuuden ilmi\u00f6ihin ja probleemoihin.<\/p>\n<div class=\"powerpress_player\" id=\"powerpress_player_8531\"><audio class=\"wp-audio-shortcode\" id=\"audio-5257-1\" preload=\"none\" style=\"width: 100%;\" controls=\"controls\"><source type=\"audio\/mpeg\" src=\"http:\/\/www.radiofiskars.fi\/wordpress\/wp-content\/uploads\/2020\/03\/Ajatuslaput-20-03.mp3?_=1\" \/><a href=\"http:\/\/www.radiofiskars.fi\/wordpress\/wp-content\/uploads\/2020\/03\/Ajatuslaput-20-03.mp3\">http:\/\/www.radiofiskars.fi\/wordpress\/wp-content\/uploads\/2020\/03\/Ajatuslaput-20-03.mp3<\/a><\/audio><\/div><p class=\"powerpress_links powerpress_links_mp3\" style=\"margin-bottom: 1px !important;\">Podcast: <a href=\"http:\/\/www.radiofiskars.fi\/wordpress\/wp-content\/uploads\/2020\/03\/Ajatuslaput-20-03.mp3\" class=\"powerpress_link_pinw\" target=\"_blank\" title=\"Play in new window\" onclick=\"return powerpress_pinw('https:\/\/www.radiofiskars.fi\/wordpress\/?powerpress_pinw=5257-podcast');\" rel=\"nofollow\">Play in new window<\/a><\/p><!--powerpress_player-->","protected":false},"excerpt":{"rendered":"<p>Tied\u00e4tk\u00f6 mik\u00e4 on Kuningasprobleema? Ent\u00e4 milt\u00e4 kuulostaa Kategorinen imperatiivi? Tai miksi er\u00e4\u00e4n tietokoneohjelmoijan k\u00e4det alkavat yll\u00e4tt\u00e4en nyki\u00e4 ja taipua sis\u00e4\u00e4np\u00e4in? N\u00e4it\u00e4 ja monia muitakin kysymyksi\u00e4 valaistaan lis\u00e4\u00e4 ohjelmassa \u201dAjatuslappuja ja aforismeja\u201d, jossa ohjelman is\u00e4nt\u00e4 k\u00e4y mikrofonin ja monologin keinoin k\u00e4siksi olemassaolevan todellisuuden ilmi\u00f6ihin ja probleemoihin. https:\/\/www.radiofiskars.fi\/wordpress\/wp-content\/uploads\/2020\/03\/Ajatuslaput-20-03.mp3 Podcast: Play in new window<\/p>\n","protected":false},"author":2,"featured_media":0,"comment_status":"open","ping_status":"open","sticky":false,"template":"","format":"standard","meta":{"footnotes":""},"categories":[579],"tags":[601,600],"class_list":["post-5257","post","type-post","status-publish","format-standard","hentry","category-ajatuslappuja-ja-aforismeja","tag-ajatuslappuja","tag-markku-salo"],"_links":{"self":[{"href":"https:\/\/www.radiofiskars.fi\/wordpress\/wp-json\/wp\/v2\/posts\/5257","targetHints":{"allow":["GET"]}}],"collection":[{"href":"https:\/\/www.radiofiskars.fi\/wordpress\/wp-json\/wp\/v2\/posts"}],"about":[{"href":"https:\/\/www.radiofiskars.fi\/wordpress\/wp-json\/wp\/v2\/types\/post"}],"author":[{"embeddable":true,"href":"https:\/\/www.radiofiskars.fi\/wordpress\/wp-json\/wp\/v2\/users\/2"}],"replies":[{"embeddable":true,"href":"https:\/\/www.radiofiskars.fi\/wordpress\/wp-json\/wp\/v2\/comments?post=5257"}],"version-history":[{"count":2,"href":"https:\/\/www.radiofiskars.fi\/wordpress\/wp-json\/wp\/v2\/posts\/5257\/revisions"}],"predecessor-version":[{"id":5260,"href":"https:\/\/www.radiofiskars.fi\/wordpress\/wp-json\/wp\/v2\/posts\/5257\/revisions\/5260"}],"wp:attachment":[{"href":"https:\/\/www.radiofiskars.fi\/wordpress\/wp-json\/wp\/v2\/media?parent=5257"}],"wp:term":[{"taxonomy":"category","embeddable":true,"href":"https:\/\/www.radiofiskars.fi\/wordpress\/wp-json\/wp\/v2\/categories?post=5257"},{"taxonomy":"post_tag","embeddable":true,"href":"https:\/\/www.radiofiskars.fi\/wordpress\/wp-json\/wp\/v2\/tags?post=5257"}],"curies":[{"name":"wp","href":"https:\/\/api.w.org\/{rel}","templated":true}]}}