{"id":5462,"date":"2020-07-02T12:42:04","date_gmt":"2020-07-02T09:42:04","guid":{"rendered":"http:\/\/www.radiofiskars.fi\/?p=5462"},"modified":"2025-01-07T15:16:44","modified_gmt":"2025-01-07T13:16:44","slug":"olli-salmen-vintage-vaatteet","status":"publish","type":"post","link":"https:\/\/www.radiofiskars.fi\/wordpress\/2020\/07\/olli-salmen-vintage-vaatteet\/","title":{"rendered":"Olli Salmen vintage-vaatteet"},"content":{"rendered":"\n<p>Pari vuotta sitten Fiskarssiin muuttanut <strong>Olli Salmi<\/strong> on avannnut Veitsitehtaalle monitoimitilan, josta l\u00f6ytyy vintage-vaatekauppa, sis\u00e4skeittiramppi ja oma ty\u00f6huone. Haastattelussa skeittari Salmi kertoo tiest\u00e4\u00e4n vintagen maailmaan ja Fiskarssin nuorison syd\u00e4miin.<\/p>\n\n\n\n<figure class=\"wp-block-gallery aligncenter has-nested-images columns-default is-cropped wp-block-gallery-1 is-layout-flex wp-block-gallery-is-layout-flex\">\n<figure class=\"wp-block-image size-large\"><img loading=\"lazy\" decoding=\"async\" width=\"576\" height=\"1024\" data-id=\"5463\" src=\"https:\/\/www.radiofiskars.fi\/wp-content\/uploads\/2020\/07\/index-576x1024.jpg\" alt=\"\" class=\"wp-image-5463\" srcset=\"https:\/\/www.radiofiskars.fi\/wp-content\/uploads\/2020\/07\/index-576x1024.jpg 576w, https:\/\/www.radiofiskars.fi\/wp-content\/uploads\/2020\/07\/index-169x300.jpg 169w, https:\/\/www.radiofiskars.fi\/wp-content\/uploads\/2020\/07\/index-768x1365.jpg 768w, https:\/\/www.radiofiskars.fi\/wp-content\/uploads\/2020\/07\/index-864x1536.jpg 864w, https:\/\/www.radiofiskars.fi\/wp-content\/uploads\/2020\/07\/index.jpg 900w\" sizes=\"auto, (max-width: 576px) 100vw, 576px\" \/><\/figure>\n\n\n\n<figure class=\"wp-block-image size-large\"><img loading=\"lazy\" decoding=\"async\" width=\"576\" height=\"1024\" data-id=\"5464\" src=\"https:\/\/www.radiofiskars.fi\/wp-content\/uploads\/2020\/07\/WhatsApp-Image-2020-07-01-at-16.46.38-576x1024.jpeg\" alt=\"\" class=\"wp-image-5464\" srcset=\"https:\/\/www.radiofiskars.fi\/wp-content\/uploads\/2020\/07\/WhatsApp-Image-2020-07-01-at-16.46.38-576x1024.jpeg 576w, https:\/\/www.radiofiskars.fi\/wp-content\/uploads\/2020\/07\/WhatsApp-Image-2020-07-01-at-16.46.38-169x300.jpeg 169w, https:\/\/www.radiofiskars.fi\/wp-content\/uploads\/2020\/07\/WhatsApp-Image-2020-07-01-at-16.46.38-768x1365.jpeg 768w, https:\/\/www.radiofiskars.fi\/wp-content\/uploads\/2020\/07\/WhatsApp-Image-2020-07-01-at-16.46.38-864x1536.jpeg 864w, https:\/\/www.radiofiskars.fi\/wp-content\/uploads\/2020\/07\/WhatsApp-Image-2020-07-01-at-16.46.38.jpeg 900w\" sizes=\"auto, (max-width: 576px) 100vw, 576px\" \/><\/figure>\n<figcaption class=\"blocks-gallery-caption wp-element-caption\">Veitsitehtaan karut tilat ovat muuttuneet tunnelmalliseksi myym\u00e4l\u00e4ksi.<\/figcaption><\/figure>\n\n\n\n<p>Toimittajina Village Vintage storen sohvalta Matias Kari ja Sampo Wirkkala<\/p>\n\n\n\n<p><\/p>\n\n\n\n<p><a href=\"https:\/\/www.instagram.com\/villagevintage.store\/\">https:\/\/www.instagram.com\/villagevintage.store\/<\/a><\/p>\n\n\n\n<p><a href=\"http:\/\/Www.villagevintage.store\">http:\/\/Www.villagevintage.store<\/a>                                         <\/p>\n<div class=\"powerpress_player\" id=\"powerpress_player_889\"><audio class=\"wp-audio-shortcode\" id=\"audio-5462-1\" preload=\"none\" style=\"width: 100%;\" controls=\"controls\"><source type=\"audio\/mpeg\" src=\"https:\/\/www.radiofiskars.fi\/wp-content\/uploads\/2020\/07\/Olli-Salmi-haastis-JRW.mp3?_=1\" \/><a href=\"https:\/\/www.radiofiskars.fi\/wp-content\/uploads\/2020\/07\/Olli-Salmi-haastis-JRW.mp3\">https:\/\/www.radiofiskars.fi\/wp-content\/uploads\/2020\/07\/Olli-Salmi-haastis-JRW.mp3<\/a><\/audio><\/div><p class=\"powerpress_links powerpress_links_mp3\" style=\"margin-bottom: 1px !important;\">Podcast: <a href=\"https:\/\/www.radiofiskars.fi\/wp-content\/uploads\/2020\/07\/Olli-Salmi-haastis-JRW.mp3\" class=\"powerpress_link_pinw\" target=\"_blank\" title=\"Play in new window\" onclick=\"return powerpress_pinw('https:\/\/www.radiofiskars.fi\/wordpress\/?powerpress_pinw=5462-podcast');\" rel=\"nofollow\">Play in new window<\/a><\/p><!--powerpress_player-->","protected":false},"excerpt":{"rendered":"<p>Pari vuotta sitten Fiskarssiin muuttanut Olli Salmi on avannnut Veitsitehtaalle monitoimitilan, josta l\u00f6ytyy vintage-vaatekauppa, sis\u00e4skeittiramppi ja oma ty\u00f6huone. Haastattelussa skeittari Salmi kertoo tiest\u00e4\u00e4n vintagen maailmaan ja Fiskarssin nuorison syd\u00e4miin. Toimittajina Village Vintage storen sohvalta Matias Kari ja Sampo Wirkkala https:\/\/www.instagram.com\/villagevintage.store\/ http:\/\/Www.villagevintage.store https:\/\/www.radiofiskars.fi\/wp-content\/uploads\/2020\/07\/Olli-Salmi-haastis-JRW.mp3 Podcast: Play in new window<\/p>\n","protected":false},"author":23,"featured_media":0,"comment_status":"open","ping_status":"open","sticky":false,"template":"","format":"standard","meta":{"footnotes":""},"categories":[5],"tags":[640,637,636,639,641],"class_list":["post-5462","post","type-post","status-publish","format-standard","hentry","category-haastattelut","tag-matias-kari","tag-olli-salmi","tag-sampo-wirkkala","tag-veitsitehdas","tag-village-vintage"],"_links":{"self":[{"href":"https:\/\/www.radiofiskars.fi\/wordpress\/wp-json\/wp\/v2\/posts\/5462","targetHints":{"allow":["GET"]}}],"collection":[{"href":"https:\/\/www.radiofiskars.fi\/wordpress\/wp-json\/wp\/v2\/posts"}],"about":[{"href":"https:\/\/www.radiofiskars.fi\/wordpress\/wp-json\/wp\/v2\/types\/post"}],"author":[{"embeddable":true,"href":"https:\/\/www.radiofiskars.fi\/wordpress\/wp-json\/wp\/v2\/users\/23"}],"replies":[{"embeddable":true,"href":"https:\/\/www.radiofiskars.fi\/wordpress\/wp-json\/wp\/v2\/comments?post=5462"}],"version-history":[{"count":7,"href":"https:\/\/www.radiofiskars.fi\/wordpress\/wp-json\/wp\/v2\/posts\/5462\/revisions"}],"predecessor-version":[{"id":7904,"href":"https:\/\/www.radiofiskars.fi\/wordpress\/wp-json\/wp\/v2\/posts\/5462\/revisions\/7904"}],"wp:attachment":[{"href":"https:\/\/www.radiofiskars.fi\/wordpress\/wp-json\/wp\/v2\/media?parent=5462"}],"wp:term":[{"taxonomy":"category","embeddable":true,"href":"https:\/\/www.radiofiskars.fi\/wordpress\/wp-json\/wp\/v2\/categories?post=5462"},{"taxonomy":"post_tag","embeddable":true,"href":"https:\/\/www.radiofiskars.fi\/wordpress\/wp-json\/wp\/v2\/tags?post=5462"}],"curies":[{"name":"wp","href":"https:\/\/api.w.org\/{rel}","templated":true}]}}