{"id":5788,"date":"2020-12-10T14:33:54","date_gmt":"2020-12-10T12:33:54","guid":{"rendered":"https:\/\/www.radiofiskars.fi\/?p=5788"},"modified":"2025-01-07T15:12:44","modified_gmt":"2025-01-07T13:12:44","slug":"elina-esittelee-oliivityton","status":"publish","type":"post","link":"https:\/\/www.radiofiskars.fi\/wordpress\/2020\/12\/elina-esittelee-oliivityton\/","title":{"rendered":"Elina esittelee Oliivityt\u00f6n"},"content":{"rendered":"\n<figure class=\"wp-block-image size-large is-resized\"><img loading=\"lazy\" decoding=\"async\" src=\"https:\/\/www.radiofiskars.fi\/wordpress\/wp-content\/uploads\/2020\/12\/Kuva-2-scaled.jpg\" alt=\"\" width=\"349\" height=\"465\"\/><\/figure>\n\n\n\n<p>Marko Kitti: <strong>Oliivitytt\u00f6<\/strong>, Tammi, 2012.<\/p>\n\n\n\n<p>\u201dOtin t\u00e4m\u00e4n kirjan siksi, ett\u00e4 olen vasta lukenut aika samantyyppisi\u00e4 kirjoja. Luin my\u00f6s monia kommentteja, joita muut ovat kirjalle antaneet. Monet ovat kehuneet kirjaa ja sanoneet, ett\u00e4 kun kirjan kerran aloittaisi, se olisi heti pakko lukea loppuun, ja t\u00e4m\u00e4 piti paikkansa ainakin minun kohdallani.\u201d<\/p>\n<div class=\"powerpress_player\" id=\"powerpress_player_9939\"><audio class=\"wp-audio-shortcode\" id=\"audio-5788-1\" preload=\"none\" style=\"width: 100%;\" controls=\"controls\"><source type=\"audio\/mpeg\" src=\"https:\/\/www.radiofiskars.fi\/wordpress\/wp-content\/uploads\/2020\/12\/Elina-oliivitytto.mp3?_=1\" \/><a href=\"https:\/\/www.radiofiskars.fi\/wordpress\/wp-content\/uploads\/2020\/12\/Elina-oliivitytto.mp3\">https:\/\/www.radiofiskars.fi\/wordpress\/wp-content\/uploads\/2020\/12\/Elina-oliivitytto.mp3<\/a><\/audio><\/div><p class=\"powerpress_links powerpress_links_mp3\" style=\"margin-bottom: 1px !important;\">Podcast: <a href=\"https:\/\/www.radiofiskars.fi\/wordpress\/wp-content\/uploads\/2020\/12\/Elina-oliivitytto.mp3\" class=\"powerpress_link_pinw\" target=\"_blank\" title=\"Play in new window\" onclick=\"return powerpress_pinw('https:\/\/www.radiofiskars.fi\/wordpress\/?powerpress_pinw=5788-podcast');\" rel=\"nofollow\">Play in new window<\/a><\/p><!--powerpress_player-->","protected":false},"excerpt":{"rendered":"<p>Marko Kitti: Oliivitytt\u00f6, Tammi, 2012. \u201dOtin t\u00e4m\u00e4n kirjan siksi, ett\u00e4 olen vasta lukenut aika samantyyppisi\u00e4 kirjoja. Luin my\u00f6s monia kommentteja, joita muut ovat kirjalle antaneet. Monet ovat kehuneet kirjaa ja sanoneet, ett\u00e4 kun kirjan kerran aloittaisi, se olisi heti pakko lukea loppuun, ja t\u00e4m\u00e4 piti paikkansa ainakin minun kohdallani.\u201d https:\/\/www.radiofiskars.fi\/wordpress\/wp-content\/uploads\/2020\/12\/Elina-oliivitytto.mp3 Podcast: Play in new window<\/p>\n","protected":false},"author":2,"featured_media":0,"comment_status":"open","ping_status":"open","sticky":false,"template":"","format":"standard","meta":{"footnotes":""},"categories":[616],"tags":[692,691,693],"class_list":["post-5788","post","type-post","status-publish","format-standard","hentry","category-taman-mina-luin","tag-elina","tag-oliivitytto","tag-tammi"],"_links":{"self":[{"href":"https:\/\/www.radiofiskars.fi\/wordpress\/wp-json\/wp\/v2\/posts\/5788","targetHints":{"allow":["GET"]}}],"collection":[{"href":"https:\/\/www.radiofiskars.fi\/wordpress\/wp-json\/wp\/v2\/posts"}],"about":[{"href":"https:\/\/www.radiofiskars.fi\/wordpress\/wp-json\/wp\/v2\/types\/post"}],"author":[{"embeddable":true,"href":"https:\/\/www.radiofiskars.fi\/wordpress\/wp-json\/wp\/v2\/users\/2"}],"replies":[{"embeddable":true,"href":"https:\/\/www.radiofiskars.fi\/wordpress\/wp-json\/wp\/v2\/comments?post=5788"}],"version-history":[{"count":2,"href":"https:\/\/www.radiofiskars.fi\/wordpress\/wp-json\/wp\/v2\/posts\/5788\/revisions"}],"predecessor-version":[{"id":5853,"href":"https:\/\/www.radiofiskars.fi\/wordpress\/wp-json\/wp\/v2\/posts\/5788\/revisions\/5853"}],"wp:attachment":[{"href":"https:\/\/www.radiofiskars.fi\/wordpress\/wp-json\/wp\/v2\/media?parent=5788"}],"wp:term":[{"taxonomy":"category","embeddable":true,"href":"https:\/\/www.radiofiskars.fi\/wordpress\/wp-json\/wp\/v2\/categories?post=5788"},{"taxonomy":"post_tag","embeddable":true,"href":"https:\/\/www.radiofiskars.fi\/wordpress\/wp-json\/wp\/v2\/tags?post=5788"}],"curies":[{"name":"wp","href":"https:\/\/api.w.org\/{rel}","templated":true}]}}