{"id":6160,"date":"2021-09-11T10:23:51","date_gmt":"2021-09-11T07:23:51","guid":{"rendered":"https:\/\/www.radiofiskars.fi\/wordpress\/?p=6160"},"modified":"2025-01-07T15:11:50","modified_gmt":"2025-01-07T13:11:50","slug":"andeilta-runosaareen-j-k-ihalainen-ja-katariina-vuorinen","status":"publish","type":"post","link":"https:\/\/www.radiofiskars.fi\/wordpress\/2021\/09\/andeilta-runosaareen-j-k-ihalainen-ja-katariina-vuorinen\/","title":{"rendered":"Andeilta Runosaareen \u2013        J. K. Ihalainen ja Katariina Vuorinen"},"content":{"rendered":"\n<p>Runoilija <strong>Katariina Vuorinen<\/strong> kertoo, miten h\u00e4n pitk\u00e4\u00e4n nomadiel\u00e4m\u00e4\u00e4 el\u00e4neen\u00e4 l\u00f6ysi lossimatkojen takaa paikan, jossa yhteys luontoon, ihmisiin ja kieleen ovat kohdillaan. Sinne h\u00e4n yhdess\u00e4 Inkeri Aulan kanssa perusti Runosaari-tapahtuman, jonka j\u00e4rjest\u00e4miseen osallistui koko yhteis\u00f6.<\/p>\n\n\n\n<p>Katariina Vuorisen runoudessa on paljon etel\u00e4amerikkalaisuutta. Viimeisin matka Chileen talvella 2020 alkoi hyvin. Esiinnytty\u00e4\u00e4n Pablo Nerudan talossa La Sebastianassa h\u00e4n l\u00e4hti Andien juurille telttailemaan muutamaksi viikoksi.<\/p>\n\n\n\n<p>Samoihin aikoihin maailmalta kantautui epidemiasta kertovia uutisia. Ne tavoittivat my\u00f6s Vuorisen. Argentiinan ja sen j\u00e4lkeen Chilen rajat suljettiin ja parin viikon telttailu venyi kuukausiksi. Syksyn syvetess\u00e4 kes\u00e4varusteissa alkoi olla paikattavaa.<\/p>\n\n\n\n<p>Telttaillessa ei ollut s\u00e4hk\u00f6\u00e4, puhelin piti k\u00e4yd\u00e4 lataamassa l\u00e4hist\u00f6ll\u00e4, mutta sit\u00e4k\u00e4\u00e4n ei kehdannut tehd\u00e4 p\u00e4ivitt\u00e4in. Se merkitsi paluuta k\u00e4sin kirjoittamiseen. Toinen tapa oli sanella teksti\u00e4 puhelimeen. Kirjoitusta tuli runsaasti. Osan runoista h\u00e4n esitti Runosaaren festivaaleilla hein\u00e4kuussa 2021. Haastattelija <strong>J. K. Ihalainen<\/strong><\/p>\n\n\n\n<figure class=\"wp-block-image size-large\"><a href=\"https:\/\/www.radiofiskars.fi\/wp-content\/uploads\/2021\/07\/Katariina_on_horse.jpg\"><img loading=\"lazy\" decoding=\"async\" width=\"768\" height=\"1024\" src=\"https:\/\/www.radiofiskars.fi\/wp-content\/uploads\/2021\/07\/Katariina_on_horse-768x1024.jpg\" alt=\"\" class=\"wp-image-6090\" srcset=\"https:\/\/www.radiofiskars.fi\/wp-content\/uploads\/2021\/07\/Katariina_on_horse-768x1023.jpg 768w, https:\/\/www.radiofiskars.fi\/wp-content\/uploads\/2021\/07\/Katariina_on_horse-225x300.jpg 225w, https:\/\/www.radiofiskars.fi\/wp-content\/uploads\/2021\/07\/Katariina_on_horse.jpg 803w\" sizes=\"auto, (max-width: 768px) 100vw, 768px\" \/><\/a><figcaption>Runonlausuntaa ratsailla.<\/figcaption><\/figure>\n\n\n\n<p><strong>Katariina Vuorinen<\/strong> on runoilija, joogi, tantrika ja l\u00f6yt\u00f6retkeilij\u00e4, joka on julkaissut nelj\u00e4 runokokoelmaa ja muita tekstej\u00e4. H\u00e4n on el\u00e4nyt nomadina ymp\u00e4ri maailmaa, ja kirjoittanut ja esiintynyt viime vuosina erityisesti Latinalaisessa Amerikassa. Vuonna 2018 h\u00e4n l\u00f6ysi maagisen saarensa Velkuanmaasta, ja tiesi heti paikan kutsuvan runofestivaalia saaristoon. Nyt t\u00e4m\u00e4 unelma toteutuu Runosaaressa. <\/p>\n\n\n\n<p>&nbsp;Runoilija ja kustantaja <strong>J. K. Ihalainen<\/strong> osallistui <em>Runosaari <\/em>-runotapahtumaan Livonsaaressa 23.-24. hein\u00e4kuuta. Festivaalin aikana h\u00e4n haastatteli kolmea mukana ollutta runoilijaa, Raisa Marjam\u00e4ke\u00e4, Juha Kulmalaa sek\u00e4 Katariina Vuorista. &nbsp;&nbsp;<\/p>\n<div class=\"powerpress_player\" id=\"powerpress_player_6950\"><audio class=\"wp-audio-shortcode\" id=\"audio-6160-1\" preload=\"none\" style=\"width: 100%;\" controls=\"controls\"><source type=\"audio\/mpeg\" src=\"https:\/\/www.radiofiskars.fi\/wp-content\/uploads\/2021\/09\/Katariina-Livonsaaressa-uusin_01.mp3?_=1\" \/><a href=\"https:\/\/www.radiofiskars.fi\/wp-content\/uploads\/2021\/09\/Katariina-Livonsaaressa-uusin_01.mp3\">https:\/\/www.radiofiskars.fi\/wp-content\/uploads\/2021\/09\/Katariina-Livonsaaressa-uusin_01.mp3<\/a><\/audio><\/div><p class=\"powerpress_links powerpress_links_mp3\" style=\"margin-bottom: 1px !important;\">Podcast: <a href=\"https:\/\/www.radiofiskars.fi\/wp-content\/uploads\/2021\/09\/Katariina-Livonsaaressa-uusin_01.mp3\" class=\"powerpress_link_pinw\" target=\"_blank\" title=\"Play in new window\" onclick=\"return powerpress_pinw('https:\/\/www.radiofiskars.fi\/wordpress\/?powerpress_pinw=6160-podcast');\" rel=\"nofollow\">Play in new window<\/a><\/p><!--powerpress_player-->","protected":false},"excerpt":{"rendered":"<p>Runoilija Katariina Vuorinen kertoo, miten h\u00e4n pitk\u00e4\u00e4n nomadiel\u00e4m\u00e4\u00e4 el\u00e4neen\u00e4 l\u00f6ysi lossimatkojen takaa paikan, jossa yhteys luontoon, ihmisiin ja kieleen ovat kohdillaan. Sinne h\u00e4n yhdess\u00e4 Inkeri Aulan kanssa perusti Runosaari-tapahtuman, jonka j\u00e4rjest\u00e4miseen osallistui koko yhteis\u00f6. Katariina Vuorisen runoudessa on paljon etel\u00e4amerikkalaisuutta. Viimeisin matka Chileen talvella 2020 alkoi hyvin. Esiinnytty\u00e4\u00e4n Pablo Nerudan talossa La Sebastianassa h\u00e4n l\u00e4hti &hellip; <a href=\"https:\/\/www.radiofiskars.fi\/wordpress\/2021\/09\/andeilta-runosaareen-j-k-ihalainen-ja-katariina-vuorinen\/\" class=\"more-link\">Jatka lukemista <span class=\"screen-reader-text\">Andeilta Runosaareen \u2013        J. K. Ihalainen ja Katariina Vuorinen<\/span> <span class=\"meta-nav\">&rarr;<\/span><\/a><\/p>\n","protected":false},"author":2,"featured_media":0,"comment_status":"closed","ping_status":"closed","sticky":false,"template":"","format":"standard","meta":{"footnotes":""},"categories":[5,476],"tags":[764,759],"class_list":["post-6160","post","type-post","status-publish","format-standard","hentry","category-haastattelut","category-kirjallisuus","tag-katariina-vuorinen","tag-runous"],"_links":{"self":[{"href":"https:\/\/www.radiofiskars.fi\/wordpress\/wp-json\/wp\/v2\/posts\/6160","targetHints":{"allow":["GET"]}}],"collection":[{"href":"https:\/\/www.radiofiskars.fi\/wordpress\/wp-json\/wp\/v2\/posts"}],"about":[{"href":"https:\/\/www.radiofiskars.fi\/wordpress\/wp-json\/wp\/v2\/types\/post"}],"author":[{"embeddable":true,"href":"https:\/\/www.radiofiskars.fi\/wordpress\/wp-json\/wp\/v2\/users\/2"}],"replies":[{"embeddable":true,"href":"https:\/\/www.radiofiskars.fi\/wordpress\/wp-json\/wp\/v2\/comments?post=6160"}],"version-history":[{"count":8,"href":"https:\/\/www.radiofiskars.fi\/wordpress\/wp-json\/wp\/v2\/posts\/6160\/revisions"}],"predecessor-version":[{"id":6168,"href":"https:\/\/www.radiofiskars.fi\/wordpress\/wp-json\/wp\/v2\/posts\/6160\/revisions\/6168"}],"wp:attachment":[{"href":"https:\/\/www.radiofiskars.fi\/wordpress\/wp-json\/wp\/v2\/media?parent=6160"}],"wp:term":[{"taxonomy":"category","embeddable":true,"href":"https:\/\/www.radiofiskars.fi\/wordpress\/wp-json\/wp\/v2\/categories?post=6160"},{"taxonomy":"post_tag","embeddable":true,"href":"https:\/\/www.radiofiskars.fi\/wordpress\/wp-json\/wp\/v2\/tags?post=6160"}],"curies":[{"name":"wp","href":"https:\/\/api.w.org\/{rel}","templated":true}]}}