{"id":618,"date":"2012-10-15T16:22:45","date_gmt":"2012-10-15T13:22:45","guid":{"rendered":"http:\/\/www.radiofiskars.fi\/?p=618"},"modified":"2012-10-15T16:22:45","modified_gmt":"2012-10-15T13:22:45","slug":"haastateltavana-patrick-von-essen","status":"publish","type":"post","link":"https:\/\/www.radiofiskars.fi\/wordpress\/2012\/10\/haastateltavana-patrick-von-essen\/","title":{"rendered":"Haastateltavana Patrick von Essen"},"content":{"rendered":"<p>Neste Jacobsilla Oil&amp;Gas liiketoiminta-alueen johtajana sek\u00e4 useissa johtoteht\u00e4viss\u00e4 P\u00f6yry-konsernissa toiminut Patrick von Essen on Fiskars-yhti\u00f6n uusi kiinteist\u00f6johtaja. T\u00e4ss\u00e4 haastattelussa h\u00e4n kertoo muun muassa sen, mink\u00e4laisissa asioissa h\u00e4n odottaa asukkaiden ottavan h\u00e4neen yhteytt\u00e4.<\/p>\n<p>Kuuntele haastattelu:<br \/>\n[audio:https:\/\/www.radiofiskars.fi\/wordpress\/wp-content\/uploads\/2012\/10\/patrickvonessen.mp3]<\/p>\n<p><a href='https:\/\/www.radiofiskars.fi\/wordpress\/wp-content\/uploads\/2012\/10\/patrickvonessen.mp3'>Kuuntele mp3<\/a><\/p>\n<div class=\"powerpress_player\" id=\"powerpress_player_1011\"><audio class=\"wp-audio-shortcode\" id=\"audio-618-1\" preload=\"none\" style=\"width: 100%;\" controls=\"controls\"><source type=\"audio\/mpeg\" src=\"http:\/\/www.radiofiskars.fi\/wp-content\/uploads\/2012\/10\/patrickvonessen.mp3?_=1\" \/><a href=\"http:\/\/www.radiofiskars.fi\/wp-content\/uploads\/2012\/10\/patrickvonessen.mp3\">http:\/\/www.radiofiskars.fi\/wp-content\/uploads\/2012\/10\/patrickvonessen.mp3<\/a><\/audio><\/div><p class=\"powerpress_links powerpress_links_mp3\" style=\"margin-bottom: 1px !important;\">Podcast: <a href=\"http:\/\/www.radiofiskars.fi\/wp-content\/uploads\/2012\/10\/patrickvonessen.mp3\" class=\"powerpress_link_pinw\" target=\"_blank\" title=\"Play in new window\" onclick=\"return powerpress_pinw('https:\/\/www.radiofiskars.fi\/wordpress\/?powerpress_pinw=618-podcast');\" rel=\"nofollow\">Play in new window<\/a><\/p><!--powerpress_player-->","protected":false},"excerpt":{"rendered":"<p>Neste Jacobsilla Oil&amp;Gas liiketoiminta-alueen johtajana sek\u00e4 useissa johtoteht\u00e4viss\u00e4 P\u00f6yry-konsernissa toiminut Patrick von Essen on Fiskars-yhti\u00f6n uusi kiinteist\u00f6johtaja. T\u00e4ss\u00e4 haastattelussa h\u00e4n kertoo muun muassa sen, mink\u00e4laisissa asioissa h\u00e4n odottaa asukkaiden ottavan h\u00e4neen yhteytt\u00e4. Kuuntele haastattelu: [audio:https:\/\/www.radiofiskars.fi\/wordpress\/wp-content\/uploads\/2012\/10\/patrickvonessen.mp3] Kuuntele mp3 http:\/\/www.radiofiskars.fi\/wp-content\/uploads\/2012\/10\/patrickvonessen.mp3Podcast: Play in new window<\/p>\n","protected":false},"author":2,"featured_media":0,"comment_status":"open","ping_status":"open","sticky":false,"template":"","format":"standard","meta":{"footnotes":""},"categories":[5],"tags":[],"class_list":["post-618","post","type-post","status-publish","format-standard","hentry","category-haastattelut"],"_links":{"self":[{"href":"https:\/\/www.radiofiskars.fi\/wordpress\/wp-json\/wp\/v2\/posts\/618","targetHints":{"allow":["GET"]}}],"collection":[{"href":"https:\/\/www.radiofiskars.fi\/wordpress\/wp-json\/wp\/v2\/posts"}],"about":[{"href":"https:\/\/www.radiofiskars.fi\/wordpress\/wp-json\/wp\/v2\/types\/post"}],"author":[{"embeddable":true,"href":"https:\/\/www.radiofiskars.fi\/wordpress\/wp-json\/wp\/v2\/users\/2"}],"replies":[{"embeddable":true,"href":"https:\/\/www.radiofiskars.fi\/wordpress\/wp-json\/wp\/v2\/comments?post=618"}],"version-history":[{"count":0,"href":"https:\/\/www.radiofiskars.fi\/wordpress\/wp-json\/wp\/v2\/posts\/618\/revisions"}],"wp:attachment":[{"href":"https:\/\/www.radiofiskars.fi\/wordpress\/wp-json\/wp\/v2\/media?parent=618"}],"wp:term":[{"taxonomy":"category","embeddable":true,"href":"https:\/\/www.radiofiskars.fi\/wordpress\/wp-json\/wp\/v2\/categories?post=618"},{"taxonomy":"post_tag","embeddable":true,"href":"https:\/\/www.radiofiskars.fi\/wordpress\/wp-json\/wp\/v2\/tags?post=618"}],"curies":[{"name":"wp","href":"https:\/\/api.w.org\/{rel}","templated":true}]}}