{"id":6254,"date":"2021-10-11T12:22:04","date_gmt":"2021-10-11T09:22:04","guid":{"rendered":"https:\/\/www.radiofiskars.fi\/wordpress\/?p=6254"},"modified":"2025-01-07T15:10:59","modified_gmt":"2025-01-07T13:10:59","slug":"tanssiva-meteoriitti-ja-aikalaisuus","status":"publish","type":"post","link":"https:\/\/www.radiofiskars.fi\/wordpress\/2021\/10\/tanssiva-meteoriitti-ja-aikalaisuus\/","title":{"rendered":"TANSSIVA METEORIITTI ja Aikalaisuus"},"content":{"rendered":"\n<p><em>Saine Ensemblen<\/em> tuottama tapahtuma tuo yhteen tanssi\u2013 ja esitystaiteen ja kuvataiteen tekij\u00f6it\u00e4 ja ajankohtaista tieteellist\u00e4 tutkimusta ja ajattelua. Se on pilottihanke biennalelle, josta rakennetaan esitt\u00e4vien taiteiden ja ajankohtaisen taidefilosofisen keskustelun foorumi. Keskusteluista kaksi kuullaan radiofiskarsissa, ensimm\u00e4isen\u00e4 vuorossa on:<\/p>\n\n\n\n<p>Art Matters -keskustelu <em>Aikalaisuus<\/em>. T\u00e4htitieteilij\u00e4 <strong>Joni Tammi<\/strong>, Mets\u00e4hovin radio-observatorio, filosofi, muusikko <strong>Hermanni Yli-Tepsa<\/strong> ja meteorologi <strong>Timo Vesala<\/strong>, Helsingin yliopisto, Ilmakeh\u00e4tieteiden keskus.<\/p>\n\n\n\n<figure class=\"wp-block-image size-full\"><a href=\"https:\/\/www.radiofiskars.fi\/wp-content\/uploads\/2021\/10\/Tanssiva_meteoriitti_Insta_1080x1080px_14.jpeg\"><img loading=\"lazy\" decoding=\"async\" width=\"960\" height=\"960\" src=\"https:\/\/www.radiofiskars.fi\/wp-content\/uploads\/2021\/10\/Tanssiva_meteoriitti_Insta_1080x1080px_14.jpeg\" alt=\"\" class=\"wp-image-6257\" srcset=\"https:\/\/www.radiofiskars.fi\/wp-content\/uploads\/2021\/10\/Tanssiva_meteoriitti_Insta_1080x1080px_14.jpeg 960w, https:\/\/www.radiofiskars.fi\/wp-content\/uploads\/2021\/10\/Tanssiva_meteoriitti_Insta_1080x1080px_14-300x300.jpeg 300w, https:\/\/www.radiofiskars.fi\/wp-content\/uploads\/2021\/10\/Tanssiva_meteoriitti_Insta_1080x1080px_14-150x150.jpeg 150w, https:\/\/www.radiofiskars.fi\/wp-content\/uploads\/2021\/10\/Tanssiva_meteoriitti_Insta_1080x1080px_14-768x768.jpeg 768w\" sizes=\"auto, (max-width: 960px) 100vw, 960px\" \/><\/a><\/figure>\n\n\n\n<p>Tapahtuman tuottaja: Saine Ensemble<\/p>\n\n\n\n<p>Tapahtumaa tukivat: Sophie von Julins stiftelse, Karjaan-Pohjan s\u00e4\u00e4st\u00f6pankkis\u00e4\u00e4ti\u00f6, Raaseporin kaupunki ja SE kannatus ry<\/p>\n<div class=\"powerpress_player\" id=\"powerpress_player_3134\"><audio class=\"wp-audio-shortcode\" id=\"audio-6254-1\" preload=\"none\" style=\"width: 100%;\" controls=\"controls\"><source type=\"audio\/mpeg\" src=\"https:\/\/www.radiofiskars.fi\/wp-content\/uploads\/2021\/09\/meteoriitti-1.1w.mp3?_=1\" \/><a href=\"https:\/\/www.radiofiskars.fi\/wp-content\/uploads\/2021\/09\/meteoriitti-1.1w.mp3\">https:\/\/www.radiofiskars.fi\/wp-content\/uploads\/2021\/09\/meteoriitti-1.1w.mp3<\/a><\/audio><\/div><p class=\"powerpress_links powerpress_links_mp3\" style=\"margin-bottom: 1px !important;\">Podcast: <a href=\"https:\/\/www.radiofiskars.fi\/wp-content\/uploads\/2021\/09\/meteoriitti-1.1w.mp3\" class=\"powerpress_link_pinw\" target=\"_blank\" title=\"Play in new window\" onclick=\"return powerpress_pinw('https:\/\/www.radiofiskars.fi\/wordpress\/?powerpress_pinw=6254-podcast');\" rel=\"nofollow\">Play in new window<\/a><\/p><!--powerpress_player-->","protected":false},"excerpt":{"rendered":"<p>Saine Ensemblen tuottama tapahtuma tuo yhteen tanssi\u2013 ja esitystaiteen ja kuvataiteen tekij\u00f6it\u00e4 ja ajankohtaista tieteellist\u00e4 tutkimusta ja ajattelua. Se on pilottihanke biennalelle, josta rakennetaan esitt\u00e4vien taiteiden ja ajankohtaisen taidefilosofisen keskustelun foorumi. Keskusteluista kaksi kuullaan radiofiskarsissa, ensimm\u00e4isen\u00e4 vuorossa on: Art Matters -keskustelu Aikalaisuus. T\u00e4htitieteilij\u00e4 Joni Tammi, Mets\u00e4hovin radio-observatorio, filosofi, muusikko Hermanni Yli-Tepsa ja meteorologi Timo Vesala, &hellip; <a href=\"https:\/\/www.radiofiskars.fi\/wordpress\/2021\/10\/tanssiva-meteoriitti-ja-aikalaisuus\/\" class=\"more-link\">Jatka lukemista <span class=\"screen-reader-text\">TANSSIVA METEORIITTI ja Aikalaisuus<\/span> <span class=\"meta-nav\">&rarr;<\/span><\/a><\/p>\n","protected":false},"author":2,"featured_media":0,"comment_status":"closed","ping_status":"closed","sticky":false,"template":"","format":"standard","meta":{"footnotes":""},"categories":[51],"tags":[785,784,781,786],"class_list":["post-6254","post","type-post","status-publish","format-standard","hentry","category-tapahtumataltioinnit","tag-hermanni-yli-tepsa","tag-joni-tammi","tag-tanssiva-meteoriitti","tag-timo-vesala"],"_links":{"self":[{"href":"https:\/\/www.radiofiskars.fi\/wordpress\/wp-json\/wp\/v2\/posts\/6254","targetHints":{"allow":["GET"]}}],"collection":[{"href":"https:\/\/www.radiofiskars.fi\/wordpress\/wp-json\/wp\/v2\/posts"}],"about":[{"href":"https:\/\/www.radiofiskars.fi\/wordpress\/wp-json\/wp\/v2\/types\/post"}],"author":[{"embeddable":true,"href":"https:\/\/www.radiofiskars.fi\/wordpress\/wp-json\/wp\/v2\/users\/2"}],"replies":[{"embeddable":true,"href":"https:\/\/www.radiofiskars.fi\/wordpress\/wp-json\/wp\/v2\/comments?post=6254"}],"version-history":[{"count":3,"href":"https:\/\/www.radiofiskars.fi\/wordpress\/wp-json\/wp\/v2\/posts\/6254\/revisions"}],"predecessor-version":[{"id":6258,"href":"https:\/\/www.radiofiskars.fi\/wordpress\/wp-json\/wp\/v2\/posts\/6254\/revisions\/6258"}],"wp:attachment":[{"href":"https:\/\/www.radiofiskars.fi\/wordpress\/wp-json\/wp\/v2\/media?parent=6254"}],"wp:term":[{"taxonomy":"category","embeddable":true,"href":"https:\/\/www.radiofiskars.fi\/wordpress\/wp-json\/wp\/v2\/categories?post=6254"},{"taxonomy":"post_tag","embeddable":true,"href":"https:\/\/www.radiofiskars.fi\/wordpress\/wp-json\/wp\/v2\/tags?post=6254"}],"curies":[{"name":"wp","href":"https:\/\/api.w.org\/{rel}","templated":true}]}}